{"id":178110,"date":"2021-04-17T09:35:48","date_gmt":"2021-04-17T07:35:48","guid":{"rendered":"https:\/\/zjarr.tv\/?p=178110"},"modified":"2021-04-17T09:35:48","modified_gmt":"2021-04-17T07:35:48","slug":"edi-rama-publikon-pamjet-nga-projekti-per-portin-e-durresit","status":"publish","type":"post","link":"https:\/\/zjarr.tv\/sq\/edi-rama-publikon-pamjet-nga-projekti-per-portin-e-durresit\/","title":{"rendered":"Edi Rama publikon pamjet nga projekti p\u00ebr portin e Durr\u00ebsit\u2026"},"content":{"rendered":"<p>Kryeministri Edi Rama, ka postuar n\u00eb \u201cFacebook\u201d pamjet projektit p\u00ebr Portin e Durr\u00ebsit.<\/p>\n<p>Investimi prej 2 miliard\u00eb eurosh n\u00eb portin e ri t\u00eb Durr\u00ebsit, pritet t\u00eb p\u00ebrfundoj\u00eb n\u00eb vitin 2026.<\/p>\n<p>Parashikohet nd\u00ebrtimi i nj\u00eb porti marin\u00eb, me jahte, hotele, qendra tregtare dhe ambiente arg\u00ebtuese.<\/p>\n<p>&nbsp;<\/p>\n","protected":false},"excerpt":{"rendered":"<p>Kryeministri Edi Rama, ka postuar n\u00eb \u201cFacebook\u201d pamjet projektit p\u00ebr Portin e Durr\u00ebsit. Investimi prej 2 miliard\u00eb eurosh n\u00eb portin e ri t\u00eb Durr\u00ebsit, pritet t\u00eb p\u00ebrfundoj\u00eb n\u00eb vitin 2026. Parashikohet nd\u00ebrtimi i nj\u00eb porti marin\u00eb, me jahte, hotele, qendra tregtare dhe ambiente arg\u00ebtuese. &nbsp;<\/p>\n","protected":false},"author":2016,"featured_media":178112,"comment_status":"closed","ping_status":"closed","sticky":false,"template":"","format":"standard","meta":{"footnotes":""},"categories":[241],"tags":[1588],"class_list":{"0":"post-178110","1":"post","2":"type-post","3":"status-publish","4":"format-standard","5":"has-post-thumbnail","7":"category-aktualitet","8":"tag-lajme-zjarr-rama-publikon-pamjet-zjarr-tv"},"_links":{"self":[{"href":"https:\/\/zjarr.tv\/sq\/wp-json\/wp\/v2\/posts\/178110","targetHints":{"allow":["GET"]}}],"collection":[{"href":"https:\/\/zjarr.tv\/sq\/wp-json\/wp\/v2\/posts"}],"about":[{"href":"https:\/\/zjarr.tv\/sq\/wp-json\/wp\/v2\/types\/post"}],"author":[{"embeddable":true,"href":"https:\/\/zjarr.tv\/sq\/wp-json\/wp\/v2\/users\/2016"}],"replies":[{"embeddable":true,"href":"https:\/\/zjarr.tv\/sq\/wp-json\/wp\/v2\/comments?post=178110"}],"version-history":[{"count":0,"href":"https:\/\/zjarr.tv\/sq\/wp-json\/wp\/v2\/posts\/178110\/revisions"}],"wp:featuredmedia":[{"embeddable":true,"href":"https:\/\/zjarr.tv\/sq\/wp-json\/wp\/v2\/media\/178112"}],"wp:attachment":[{"href":"https:\/\/zjarr.tv\/sq\/wp-json\/wp\/v2\/media?parent=178110"}],"wp:term":[{"taxonomy":"category","embeddable":true,"href":"https:\/\/zjarr.tv\/sq\/wp-json\/wp\/v2\/categories?post=178110"},{"taxonomy":"post_tag","embeddable":true,"href":"https:\/\/zjarr.tv\/sq\/wp-json\/wp\/v2\/tags?post=178110"}],"curies":[{"name":"wp","href":"https:\/\/api.w.org\/{rel}","templated":true}]}}