{"id":178113,"date":"2021-04-17T09:42:20","date_gmt":"2021-04-17T07:42:20","guid":{"rendered":"https:\/\/zjarr.tv\/?p=178113"},"modified":"2021-04-17T09:42:20","modified_gmt":"2021-04-17T07:42:20","slug":"rama-nxjerr-pamjet-aerporti-i-kukesit-eshte-gati-per-cunat-camarroke-te-fejsbukut-nga-londra","status":"publish","type":"post","link":"https:\/\/zjarr.tv\/sq\/rama-nxjerr-pamjet-aerporti-i-kukesit-eshte-gati-per-cunat-camarroke-te-fejsbukut-nga-londra\/","title":{"rendered":"Rama nxjerr pamjet\/ Aerporti i Kuk\u00ebsit \u00ebsht\u00eb gati p\u00ebr \u00e7unat \u00e7amarrok\u00eb t\u00eb fejsbukut nga Londra\u2026"},"content":{"rendered":"<p>Kreministri Edi Rama, ka postuar nj\u00eb video n\u00eb facebook, ku ka th\u00ebn\u00eb se tashm\u00eb aeroporti i Kuk\u00ebsit \u00ebsht\u00eb gati, q\u00eb nes\u00ebr do t\u00eb fillojn\u00eb udh\u00ebtimet.<\/p>\n<p>Rama: Kuk\u00ebs \u2013 Aeroporti Nd\u00ebrkomb\u00ebtar \u201cZayed \u2013 Flatrat e Veriut\u201d, gati p\u00ebr fluturimin e par\u00eb me pasagjer\u00ebt VIP, \u00e7unat \u00e7amarrok\u00eb t\u00eb fejsbukut nga Londra<\/p>\n<p>Ministrja Belinda Balluku, foli p\u00ebr p\u00ebrfundimin e aeroportit t\u00eb Kuk\u00ebsit, ku u shpreh se tashm\u00eb aeroporti \u00ebsht\u00eb gati dhe \u201c\u00e7unat e Londr\u00ebs\u201d, mund t\u00eb udh\u00ebtojn\u00eb.<\/p>\n<p>Gjithashtu, Balluku tha se akoma vazhdohen punimet, ku zbuloi se destinacionet e para do t\u00eb jen\u00eb disa qytete t\u00eb Zvicr\u00ebs dhe Gjermanis\u00eb.<\/p>\n<p>\u201cNuk \u00ebsht\u00eb paguar bilet\u00eb, \u00ebsht\u00eb nj\u00eb udh\u00ebtim promocional q\u00eb mund\u00ebsohet nga ana e kompanis\u00eb flamurmbajt\u00ebse. K\u00ebtu vazhdon q\u00eb t\u00eb punohet, po b\u00ebhet kontrolli i fundit i territorit, p\u00ebr t\u00eb rakorduar \u00e7do detaj, i cili \u00ebsht\u00eb n\u00eb funksion t\u00eb nj\u00eb pune me kapacitet t\u00eb plot\u00eb.<\/p>\n<p>Destinacionet e para jan\u00eb disa qytete t\u00eb Zvicr\u00ebs dhe shtete t\u00eb Gjermanis\u00eb, dhe tregun m\u00eb t\u00eb r\u00ebnd\u00ebsish\u00ebm q\u00eb kan\u00eb kompanit\u00eb shqiptare, qytetet italiane\u201d, tha Balluku.<\/p>\n<p>&nbsp;<\/p>\n","protected":false},"excerpt":{"rendered":"<p>Kreministri Edi Rama, ka postuar nj\u00eb video n\u00eb facebook, ku ka th\u00ebn\u00eb se tashm\u00eb aeroporti i Kuk\u00ebsit \u00ebsht\u00eb gati, q\u00eb nes\u00ebr do t\u00eb fillojn\u00eb udh\u00ebtimet. Rama: Kuk\u00ebs \u2013 Aeroporti Nd\u00ebrkomb\u00ebtar \u201cZayed \u2013 Flatrat e Veriut\u201d, gati p\u00ebr fluturimin e par\u00eb me pasagjer\u00ebt VIP, \u00e7unat \u00e7amarrok\u00eb t\u00eb fejsbukut nga Londra Ministrja Belinda Balluku, foli p\u00ebr p\u00ebrfundimin [&hellip;]<\/p>\n","protected":false},"author":2016,"featured_media":178115,"comment_status":"closed","ping_status":"closed","sticky":false,"template":"","format":"standard","meta":{"footnotes":""},"categories":[241],"tags":[2466],"class_list":{"0":"post-178113","1":"post","2":"type-post","3":"status-publish","4":"format-standard","5":"has-post-thumbnail","7":"category-aktualitet","8":"tag-lajme-zjarr-rama-aerporti-i-kukesit-eshte-gati-zjarr-tv"},"_links":{"self":[{"href":"https:\/\/zjarr.tv\/sq\/wp-json\/wp\/v2\/posts\/178113","targetHints":{"allow":["GET"]}}],"collection":[{"href":"https:\/\/zjarr.tv\/sq\/wp-json\/wp\/v2\/posts"}],"about":[{"href":"https:\/\/zjarr.tv\/sq\/wp-json\/wp\/v2\/types\/post"}],"author":[{"embeddable":true,"href":"https:\/\/zjarr.tv\/sq\/wp-json\/wp\/v2\/users\/2016"}],"replies":[{"embeddable":true,"href":"https:\/\/zjarr.tv\/sq\/wp-json\/wp\/v2\/comments?post=178113"}],"version-history":[{"count":0,"href":"https:\/\/zjarr.tv\/sq\/wp-json\/wp\/v2\/posts\/178113\/revisions"}],"wp:featuredmedia":[{"embeddable":true,"href":"https:\/\/zjarr.tv\/sq\/wp-json\/wp\/v2\/media\/178115"}],"wp:attachment":[{"href":"https:\/\/zjarr.tv\/sq\/wp-json\/wp\/v2\/media?parent=178113"}],"wp:term":[{"taxonomy":"category","embeddable":true,"href":"https:\/\/zjarr.tv\/sq\/wp-json\/wp\/v2\/categories?post=178113"},{"taxonomy":"post_tag","embeddable":true,"href":"https:\/\/zjarr.tv\/sq\/wp-json\/wp\/v2\/tags?post=178113"}],"curies":[{"name":"wp","href":"https:\/\/api.w.org\/{rel}","templated":true}]}}