{"id":178116,"date":"2021-04-17T09:52:45","date_gmt":"2021-04-17T07:52:45","guid":{"rendered":"https:\/\/zjarr.tv\/?p=178116"},"modified":"2021-04-17T09:54:15","modified_gmt":"2021-04-17T07:54:15","slug":"agron-shehaj-tregon-si-arriti-qe-ta-bente-milionin-e-pare-zbulon-borxhin-qe-mori-ne-nisje-te-biznesit-te-tij","status":"publish","type":"post","link":"https:\/\/zjarr.tv\/sq\/agron-shehaj-tregon-si-arriti-qe-ta-bente-milionin-e-pare-zbulon-borxhin-qe-mori-ne-nisje-te-biznesit-te-tij\/","title":{"rendered":"Agron Shehaj tregon si arriti q\u00eb ta b\u00ebnte milionin e par\u00eb, zbulon borxhin q\u00eb mori n\u00eb nisje t\u00eb biznesit t\u00eb tij\u2026"},"content":{"rendered":"<p>Biznesmeni i suksessh\u00ebm Agron Shehaj, garon n\u00eb list\u00ebn e PD-s\u00eb n\u00eb Tiran\u00eb p\u00ebr deputet, nd\u00ebrkoh\u00eb q\u00eb mandati i par\u00eb si ligjv\u00ebn\u00ebs, u nd\u00ebrpre n\u00eb mes n\u00eb vitin 2019-t\u00eb.<\/p>\n<p>Shehaj ishte i ftuar n\u00eb emisionin \u201cZon\u00eb e Lir\u00eb\u201d, ku u pyet se si arriti q\u00eb ta fitonte milionin e tij t\u00eb par\u00eb, duke u marr\u00eb n\u00eb fakt nj\u00eb borxh prind\u00ebrve, t\u00eb cil\u00ebt i kishin kursyer nga puna e tyre si emigrant\u00eb.<\/p>\n<p>Shehaj tregoi se ai u kishte marr\u00eb 40 mij\u00eb euro prind\u00ebrve t\u00eb tij, t\u00eb cilat ua ktheu t\u00eb vet\u00ebm 3 vite m\u00eb pas, kur tashm\u00eb puna e tij kishte nisur q\u00eb t\u00eb jepte frytet e para.<\/p>\n<p><em>\u201cN\u00eb 2005 mora 40 mij\u00eb euro borxh tek prind\u00ebrit, prind\u00ebrit e mi ishin pun\u00ebtor n\u00eb Itali. Me shum\u00eb pun\u00eb, jan\u00eb edhe mjeshtra t\u00eb kursimit, i mblodh\u00ebn k\u00ebto para. Si e kam b\u00ebr\u00eb milionin e par\u00eb? Kjo \u00ebsht\u00eb pyetja ime e preferuar. \u00cbsht\u00eb suksesi i par\u00eb ai q\u00eb m\u00eb jep m\u00eb shum\u00eb k\u00ebnaq\u00ebsi.<\/em><\/p>\n<p><em>Me shum\u00eb pun\u00eb, mund dhe duke rrezikuar. \u00cbsht\u00eb fal\u00eb prind\u00ebrve t\u00eb mi q\u00eb kam arritur sukseset q\u00eb kam arritur. Me 40 mij\u00eb euro fillova biznesin, p\u00ebrballova shpenzimet e para, pastaj me shum\u00eb pun\u00eb, b\u00ebra nja ca borxhe kuptohet. Biznesin e kam krijuar k\u00ebt\u00eb p\u00ebr tregun italian. Babait ia ktheva parat\u00eb pas 3 vitesh\u201d,<\/em>\u00a0tha Shehaj.<\/p>\n<p>&nbsp;<\/p>\n","protected":false},"excerpt":{"rendered":"<p>Biznesmeni i suksessh\u00ebm Agron Shehaj, garon n\u00eb list\u00ebn e PD-s\u00eb n\u00eb Tiran\u00eb p\u00ebr deputet, nd\u00ebrkoh\u00eb q\u00eb mandati i par\u00eb si ligjv\u00ebn\u00ebs, u nd\u00ebrpre n\u00eb mes n\u00eb vitin 2019-t\u00eb. Shehaj ishte i ftuar n\u00eb emisionin \u201cZon\u00eb e Lir\u00eb\u201d, ku u pyet se si arriti q\u00eb ta fitonte milionin e tij t\u00eb par\u00eb, duke u marr\u00eb n\u00eb [&hellip;]<\/p>\n","protected":false},"author":2016,"featured_media":178118,"comment_status":"closed","ping_status":"closed","sticky":false,"template":"","format":"standard","meta":{"footnotes":""},"categories":[241],"tags":[2467],"class_list":{"0":"post-178116","1":"post","2":"type-post","3":"status-publish","4":"format-standard","5":"has-post-thumbnail","7":"category-aktualitet","8":"tag-lajme-zjarr-shehaj-flet-per-te-ardhurat-e-tij-zjarr-tv"},"_links":{"self":[{"href":"https:\/\/zjarr.tv\/sq\/wp-json\/wp\/v2\/posts\/178116","targetHints":{"allow":["GET"]}}],"collection":[{"href":"https:\/\/zjarr.tv\/sq\/wp-json\/wp\/v2\/posts"}],"about":[{"href":"https:\/\/zjarr.tv\/sq\/wp-json\/wp\/v2\/types\/post"}],"author":[{"embeddable":true,"href":"https:\/\/zjarr.tv\/sq\/wp-json\/wp\/v2\/users\/2016"}],"replies":[{"embeddable":true,"href":"https:\/\/zjarr.tv\/sq\/wp-json\/wp\/v2\/comments?post=178116"}],"version-history":[{"count":0,"href":"https:\/\/zjarr.tv\/sq\/wp-json\/wp\/v2\/posts\/178116\/revisions"}],"wp:featuredmedia":[{"embeddable":true,"href":"https:\/\/zjarr.tv\/sq\/wp-json\/wp\/v2\/media\/178118"}],"wp:attachment":[{"href":"https:\/\/zjarr.tv\/sq\/wp-json\/wp\/v2\/media?parent=178116"}],"wp:term":[{"taxonomy":"category","embeddable":true,"href":"https:\/\/zjarr.tv\/sq\/wp-json\/wp\/v2\/categories?post=178116"},{"taxonomy":"post_tag","embeddable":true,"href":"https:\/\/zjarr.tv\/sq\/wp-json\/wp\/v2\/tags?post=178116"}],"curies":[{"name":"wp","href":"https:\/\/api.w.org\/{rel}","templated":true}]}}