{"id":178124,"date":"2021-04-17T10:24:15","date_gmt":"2021-04-17T08:24:15","guid":{"rendered":"https:\/\/zjarr.tv\/?p=178124"},"modified":"2021-04-17T10:24:15","modified_gmt":"2021-04-17T08:24:15","slug":"thellohet-skandali-zbulohen-komentet-e-patronazhisteve-mbaje-ne-monitorim-eshte-i-zhgenjyer","status":"publish","type":"post","link":"https:\/\/zjarr.tv\/sq\/thellohet-skandali-zbulohen-komentet-e-patronazhisteve-mbaje-ne-monitorim-eshte-i-zhgenjyer\/","title":{"rendered":"Thellohet skandali\/ Zbulohen komentet e patronazhist\u00ebve: Mbaje n\u00eb monitorim, \u00ebsht\u00eb i zhg\u00ebnjyer\u2026"},"content":{"rendered":"<p style=\"margin-top: 0in; background: white;\"><span style=\"color: #212529;\">Skandali me publikimin e t\u00eb dh\u00ebnave t\u00eb 910 mij\u00eb qytetar\u00ebve n\u00eb Tiran\u00eb, nuk p\u00ebrfundoi me nxjerrjen e t\u00eb gjitha informacioneve t\u00eb tyre, nga karta e ID-s\u00eb, numrat e telefonit, banimi, pun\u00ebsimie, etj.<\/span><\/p>\n<p style=\"margin-top: 0in; background: white; box-sizing: border-box; margin-bottom: 1rem; font-variant-ligatures: normal; font-variant-caps: normal; orphans: 2; widows: 2; -webkit-text-stroke-width: 0px; text-decoration-thickness: initial; text-decoration-style: initial; text-decoration-color: initial; word-spacing: 0px;\"><span style=\"color: #212529;\">Abcnews.al ka siguruar edhe komentet e nj\u00eb pjese t\u00eb patronazhist\u00ebve mbi qytetar\u00ebt q\u00eb kishin n\u00ebn monitorim n\u00eb pallat, lagje dhe zonat e tyre t\u00eb caktuara nga shtabet e PS-s\u00eb n\u00eb qarkun e Tiran\u00ebs. <\/span><em style=\"box-sizing: border-box;\"><span style=\"color: #212529;\">Por \u00e7far\u00eb shkruanin patronazhist\u00ebt p\u00ebr qytetar\u00ebt q\u00eb kan\u00eb n\u00ebn v\u00ebzhgim dhe si komunikojn\u00eb me nj\u00ebri tjetrin? <\/span><\/em><span style=\"color: #212529;\">Nj\u00eb rrjet i gjer\u00eb i sofistikuar q\u00eb kontrollon dhe p\u00ebr\u00e7on gjith\u00e7ka me \u201cprocesverbal\u201d. P\u00ebr t\u00eb l\u00ebkundurit urdhri \u00ebsht\u00eb q\u00eb \u201ct\u00eb mbahet n\u00eb monitorim\u201d.<\/span><\/p>\n<p style=\"margin-top: 0in; background: white; box-sizing: border-box; margin-bottom: 1rem; font-variant-ligatures: normal; font-variant-caps: normal; orphans: 2; widows: 2; -webkit-text-stroke-width: 0px; text-decoration-thickness: initial; text-decoration-style: initial; text-decoration-color: initial; word-spacing: 0px;\"><span style=\"color: #212529;\">\u00a0<\/span><span style=\"color: #212529;\">Shqet\u00ebsim v\u00ebrehet te t\u00eb ardhurit q\u00eb sapo kan\u00eb b\u00ebr\u00eb zhvendosjen me dokumente n\u00eb Tiran\u00eb. \u201c<i>Nuk e njeh njeri ka bere pasaportizimin ke pallati i beqareve por nuk e di askush kush eshte<\/i>\u201d. <\/span><span style=\"color: #212529;\">Nj\u00eb tjet\u00ebr informon qendr\u00ebn e partis\u00eb se objektivi q\u00eb monitoronte \u201cE kishte me dy mendje nqs do te votonte ose jo\u201d. <\/span><span style=\"color: #212529;\">P\u00ebr t\u00eb pavendosurit nuk hiqet dor\u00eb leht\u00eb. \u201c<i>Nuk voton per shkaqe feje, por do mbahet ne vemendje qe ti mbushet mendja<\/i>\u201d shkruan nj\u00eb tjet\u00ebr.<\/span><span style=\"color: #212529;\">Por ka edhe shum\u00eb t\u00eb pak\u00ebnaqur, kontingjent q\u00eb edhe vet\u00eb PS-ja i trembet. \u201c<i>Familja ne zgjedhet e 2019 votuar PS, por hatermbetje pasi nje nga famijaret eshte larguar nga puna<\/i>\u201d \u00ebsht\u00eb nj\u00eb tjet\u00ebr koment i patronazhistit.<\/span><\/p>\n<p style=\"margin-top: 0in; background: white; box-sizing: border-box; margin-bottom: 1rem; font-variant-ligatures: normal; font-variant-caps: normal; orphans: 2; widows: 2; -webkit-text-stroke-width: 0px; text-decoration-thickness: initial; text-decoration-style: initial; text-decoration-color: initial; word-spacing: 0px;\"><span style=\"color: #212529;\">\u00a0<\/span><span style=\"color: #212529;\">\u201c<i>Z. Gega eshte me bindje socialiste, por momentalisht i zhgenjyer per mosdhenien e nje leje nga njesia administrat<\/i>\u201d \u00ebsht\u00eb nj\u00eb tjet\u00ebr koment.<\/span><\/p>\n<p style=\"margin-top: 0in; background: white; box-sizing: border-box; margin-bottom: 1rem; font-variant-ligatures: normal; font-variant-caps: normal; orphans: 2; widows: 2; -webkit-text-stroke-width: 0px; text-decoration-thickness: initial; text-decoration-style: initial; text-decoration-color: initial; word-spacing: 0px;\"><span style=\"color: #212529;\">N\u00eb sh\u00ebnjest\u00ebr kan\u00eb qen\u00eb edhe sip\u00ebrmarrjet. \u201c<i>Bisnes privat lokal ka qene lsi kthyer ne PS\u201d<\/i>.<\/span><\/p>\n<p style=\"margin-top: 0in; background: white; box-sizing: border-box; margin-bottom: 1rem; font-variant-ligatures: normal; font-variant-caps: normal; orphans: 2; widows: 2; -webkit-text-stroke-width: 0px; text-decoration-thickness: initial; text-decoration-style: initial; text-decoration-color: initial; word-spacing: 0px;\"><span style=\"color: #212529;\">Por ka edhe vota me kusht. \u201cNese i legalizohet shtepia do te votoje per PS<i>\u201d. \u201cJane LSI, Hajriu eshte polic ne kukes, kerkon transferim ne tirrane te kthej<\/i>\u201d \u00ebsht\u00eb nj\u00eb tjet\u00ebr koment i patronazhistit, q\u00eb njofton qendr\u00ebn e partis\u00eb q\u00eb t\u00eb l\u00ebviz\u00eb.<\/span><\/p>\n","protected":false},"excerpt":{"rendered":"<p>Skandali me publikimin e t\u00eb dh\u00ebnave t\u00eb 910 mij\u00eb qytetar\u00ebve n\u00eb Tiran\u00eb, nuk p\u00ebrfundoi me nxjerrjen e t\u00eb gjitha informacioneve t\u00eb tyre, nga karta e ID-s\u00eb, numrat e telefonit, banimi, pun\u00ebsimie, etj. Abcnews.al ka siguruar edhe komentet e nj\u00eb pjese t\u00eb patronazhist\u00ebve mbi qytetar\u00ebt q\u00eb kishin n\u00ebn monitorim n\u00eb pallat, lagje dhe zonat e tyre [&hellip;]<\/p>\n","protected":false},"author":2016,"featured_media":178126,"comment_status":"closed","ping_status":"closed","sticky":false,"template":"","format":"standard","meta":{"footnotes":""},"categories":[241],"tags":[2469],"class_list":{"0":"post-178124","1":"post","2":"type-post","3":"status-publish","4":"format-standard","5":"has-post-thumbnail","7":"category-aktualitet","8":"tag-lajme-zjarr-komentet-e-patronazhisteve-zjarr-tv"},"_links":{"self":[{"href":"https:\/\/zjarr.tv\/sq\/wp-json\/wp\/v2\/posts\/178124","targetHints":{"allow":["GET"]}}],"collection":[{"href":"https:\/\/zjarr.tv\/sq\/wp-json\/wp\/v2\/posts"}],"about":[{"href":"https:\/\/zjarr.tv\/sq\/wp-json\/wp\/v2\/types\/post"}],"author":[{"embeddable":true,"href":"https:\/\/zjarr.tv\/sq\/wp-json\/wp\/v2\/users\/2016"}],"replies":[{"embeddable":true,"href":"https:\/\/zjarr.tv\/sq\/wp-json\/wp\/v2\/comments?post=178124"}],"version-history":[{"count":0,"href":"https:\/\/zjarr.tv\/sq\/wp-json\/wp\/v2\/posts\/178124\/revisions"}],"wp:featuredmedia":[{"embeddable":true,"href":"https:\/\/zjarr.tv\/sq\/wp-json\/wp\/v2\/media\/178126"}],"wp:attachment":[{"href":"https:\/\/zjarr.tv\/sq\/wp-json\/wp\/v2\/media?parent=178124"}],"wp:term":[{"taxonomy":"category","embeddable":true,"href":"https:\/\/zjarr.tv\/sq\/wp-json\/wp\/v2\/categories?post=178124"},{"taxonomy":"post_tag","embeddable":true,"href":"https:\/\/zjarr.tv\/sq\/wp-json\/wp\/v2\/tags?post=178124"}],"curies":[{"name":"wp","href":"https:\/\/api.w.org\/{rel}","templated":true}]}}