{"id":178137,"date":"2021-04-17T11:00:16","date_gmt":"2021-04-17T09:00:16","guid":{"rendered":"https:\/\/zjarr.tv\/?p=178137"},"modified":"2021-04-17T11:00:16","modified_gmt":"2021-04-17T09:00:16","slug":"rama-sot-miting-ne-gjirokaster-administrata-detyrohet-qe-te-firmose-per-pjesemarrjen","status":"publish","type":"post","link":"https:\/\/zjarr.tv\/sq\/rama-sot-miting-ne-gjirokaster-administrata-detyrohet-qe-te-firmose-per-pjesemarrjen\/","title":{"rendered":"Rama sot miting n\u00eb Gjirokast\u00ebr\/ Administrata detyrohet q\u00eb t\u00eb firmos\u00eb p\u00ebr pjes\u00ebmarrjen\u2026"},"content":{"rendered":"<p>Kryetarja e L\u00ebvizjes Socialiste p\u00ebr Integrim, Monika Kryemadhi, ka denoncuar se Kryeministri Edi Rama ka mbledhur me firma, prezenc\u00ebn e administrat\u00ebs s\u00eb Gjirokastr\u00ebs nes\u00ebr n\u00eb mitingun e PS-s\u00eb. Gjat\u00eb nj\u00eb aktiviteti politik, Kryemadhi \u00ebsht\u00eb shprehur se edhe vet\u00eb kreu i shtetit, e ka kuptuar se \u00ebsht\u00eb n\u00eb ikje.<\/p>\n<p>\u201cTek vinim tani rrug\u00ebs m\u00eb thot\u00eb Vangjeli q\u00eb nes\u00ebr lartmadhnia paska takimin n\u00eb or\u00ebn 4 pasdite dhe ka marr\u00eb t\u00eb gjith\u00eb administrat\u00ebn me firma p\u00ebr t\u00eb qen\u00eb prezent. Ai nuk \u00ebsht\u00eb as lartmadhni, as posht\u00ebmadhni. Ai \u00ebsht\u00eb nj\u00eb n\u00eb ikje, i cili shkat\u00ebrroi familjet shqiptare, shkat\u00ebrroi ekonomin\u00eb shqiptare, shkat\u00ebrroi t\u00eb rinjt\u00eb shqiptar\u00eb, q\u00eb i largoi nga Shqip\u00ebria dhe aq m\u00eb shum\u00eb po shkat\u00ebrron \u00e7do dit\u00eb e m\u00eb shum\u00eb identitetin ton\u00eb\u201d, shprehet Monika Kryeamadhi.<\/p>\n<p>&nbsp;<\/p>\n","protected":false},"excerpt":{"rendered":"<p>Kryetarja e L\u00ebvizjes Socialiste p\u00ebr Integrim, Monika Kryemadhi, ka denoncuar se Kryeministri Edi Rama ka mbledhur me firma, prezenc\u00ebn e administrat\u00ebs s\u00eb Gjirokastr\u00ebs nes\u00ebr n\u00eb mitingun e PS-s\u00eb. Gjat\u00eb nj\u00eb aktiviteti politik, Kryemadhi \u00ebsht\u00eb shprehur se edhe vet\u00eb kreu i shtetit, e ka kuptuar se \u00ebsht\u00eb n\u00eb ikje. \u201cTek vinim tani rrug\u00ebs m\u00eb thot\u00eb Vangjeli [&hellip;]<\/p>\n","protected":false},"author":2016,"featured_media":178139,"comment_status":"closed","ping_status":"closed","sticky":false,"template":"","format":"standard","meta":{"footnotes":""},"categories":[241],"tags":[2472],"class_list":{"0":"post-178137","1":"post","2":"type-post","3":"status-publish","4":"format-standard","5":"has-post-thumbnail","7":"category-aktualitet","8":"tag-lajme-zjarr-rama-miting-ne-gjirokaster-zjarr-tv"},"_links":{"self":[{"href":"https:\/\/zjarr.tv\/sq\/wp-json\/wp\/v2\/posts\/178137","targetHints":{"allow":["GET"]}}],"collection":[{"href":"https:\/\/zjarr.tv\/sq\/wp-json\/wp\/v2\/posts"}],"about":[{"href":"https:\/\/zjarr.tv\/sq\/wp-json\/wp\/v2\/types\/post"}],"author":[{"embeddable":true,"href":"https:\/\/zjarr.tv\/sq\/wp-json\/wp\/v2\/users\/2016"}],"replies":[{"embeddable":true,"href":"https:\/\/zjarr.tv\/sq\/wp-json\/wp\/v2\/comments?post=178137"}],"version-history":[{"count":0,"href":"https:\/\/zjarr.tv\/sq\/wp-json\/wp\/v2\/posts\/178137\/revisions"}],"wp:featuredmedia":[{"embeddable":true,"href":"https:\/\/zjarr.tv\/sq\/wp-json\/wp\/v2\/media\/178139"}],"wp:attachment":[{"href":"https:\/\/zjarr.tv\/sq\/wp-json\/wp\/v2\/media?parent=178137"}],"wp:term":[{"taxonomy":"category","embeddable":true,"href":"https:\/\/zjarr.tv\/sq\/wp-json\/wp\/v2\/categories?post=178137"},{"taxonomy":"post_tag","embeddable":true,"href":"https:\/\/zjarr.tv\/sq\/wp-json\/wp\/v2\/tags?post=178137"}],"curies":[{"name":"wp","href":"https:\/\/api.w.org\/{rel}","templated":true}]}}