{"id":178150,"date":"2021-04-17T11:39:56","date_gmt":"2021-04-17T09:39:56","guid":{"rendered":"https:\/\/zjarr.tv\/?p=178150"},"modified":"2021-04-17T11:39:56","modified_gmt":"2021-04-17T09:39:56","slug":"elvana-gjata-realizon-endrren-e-saj-me-te-madhe","status":"publish","type":"post","link":"https:\/\/zjarr.tv\/sq\/elvana-gjata-realizon-endrren-e-saj-me-te-madhe\/","title":{"rendered":"Elvana Gjata realizon \u00ebndrr\u00ebn e saj m\u00eb t\u00eb madhe\u2026"},"content":{"rendered":"<p>Rikthimi i Elvana Gjat\u00ebs, \u00ebsht\u00eb \u00a0pritur me nj\u00eb sukses t\u00eb jasht\u00ebzakonsh\u00ebm, nga publiku shqiptar.<\/p>\n<p>Mbr\u00ebmjes e djeshme, ajo publikoi mini albumin e saj, \u201c\u00c7elu\u201d p\u00ebr t\u00eb cilin kishte bashk\u00ebpunuar me dy nga artist\u00ebt m\u00eb t\u00eb mir\u00eb t\u00eb muzik\u00ebs n\u00eb Shqip\u00ebri, Pirro \u00c7ako dhe Darko Dimitrov.<\/p>\n<p>Ky mini album, p\u00ebrmban shtat\u00eb k\u00ebng\u00eb t\u00eb reja, t\u00eb cilat jan\u00eb m\u00eb s\u00eb shumti balada: \u201cA po vjen\u201d, \u201cDrandofilat\u201d, \u201cJeta ime\u201d, \u201cVendi im\u201d, \u201cKur jemi dasht\u201d, \u201cKunadhe\u201d e \u201cMos u ngut\u201d.<\/p>\n<p>Mir\u00ebpo, n\u00eb ndryshim nga t\u00eb tjerat \u201cVendi im\u201d ishte nj\u00eb duet, t\u00eb cilin Elvana e ka konsideruar nj\u00eb \u00ebnd\u00ebrr. Ajo ka bashk\u00ebpunuar p\u00ebr her\u00eb t\u00eb par\u00eb me motr\u00ebn e saj, Migen\u00ebn, q\u00eb \u00ebsht\u00eb soprano e njohur n\u00eb skenat gjermane.<\/p>\n<p>Pavar\u00ebsisht se ky duet nuk \u00ebsht\u00eb publikuar ende n\u00eb Youtube, Elvana ka zgjedhur nj\u00eb pjes\u00eb t\u00eb tij, q\u00eb ta ndaj\u00eb me fansat n\u00eb Instagramin e saj.<\/p>\n<p>\u201cNje enderr te kendoja me m\u00eb te shtrenjten time\u00a0@migenagjataoficial. Ne vendin tim e kam gjithcka qe do shpirti im\u201d, ka shkruar Gjata krahas videos.<\/p>\n","protected":false},"excerpt":{"rendered":"<p>Rikthimi i Elvana Gjat\u00ebs, \u00ebsht\u00eb \u00a0pritur me nj\u00eb sukses t\u00eb jasht\u00ebzakonsh\u00ebm, nga publiku shqiptar. Mbr\u00ebmjes e djeshme, ajo publikoi mini albumin e saj, \u201c\u00c7elu\u201d p\u00ebr t\u00eb cilin kishte bashk\u00ebpunuar me dy nga artist\u00ebt m\u00eb t\u00eb mir\u00eb t\u00eb muzik\u00ebs n\u00eb Shqip\u00ebri, Pirro \u00c7ako dhe Darko Dimitrov. Ky mini album, p\u00ebrmban shtat\u00eb k\u00ebng\u00eb t\u00eb reja, t\u00eb cilat [&hellip;]<\/p>\n","protected":false},"author":2016,"featured_media":178152,"comment_status":"closed","ping_status":"closed","sticky":false,"template":"","format":"standard","meta":{"footnotes":""},"categories":[241,337,193],"tags":[2475],"class_list":{"0":"post-178150","1":"post","2":"type-post","3":"status-publish","4":"format-standard","5":"has-post-thumbnail","7":"category-aktualitet","8":"category-kulture","9":"category-showbiz","10":"tag-lajme-zjarr-elvana-realizon-endrren-e-saj-zjarr-tv"},"_links":{"self":[{"href":"https:\/\/zjarr.tv\/sq\/wp-json\/wp\/v2\/posts\/178150","targetHints":{"allow":["GET"]}}],"collection":[{"href":"https:\/\/zjarr.tv\/sq\/wp-json\/wp\/v2\/posts"}],"about":[{"href":"https:\/\/zjarr.tv\/sq\/wp-json\/wp\/v2\/types\/post"}],"author":[{"embeddable":true,"href":"https:\/\/zjarr.tv\/sq\/wp-json\/wp\/v2\/users\/2016"}],"replies":[{"embeddable":true,"href":"https:\/\/zjarr.tv\/sq\/wp-json\/wp\/v2\/comments?post=178150"}],"version-history":[{"count":0,"href":"https:\/\/zjarr.tv\/sq\/wp-json\/wp\/v2\/posts\/178150\/revisions"}],"wp:featuredmedia":[{"embeddable":true,"href":"https:\/\/zjarr.tv\/sq\/wp-json\/wp\/v2\/media\/178152"}],"wp:attachment":[{"href":"https:\/\/zjarr.tv\/sq\/wp-json\/wp\/v2\/media?parent=178150"}],"wp:term":[{"taxonomy":"category","embeddable":true,"href":"https:\/\/zjarr.tv\/sq\/wp-json\/wp\/v2\/categories?post=178150"},{"taxonomy":"post_tag","embeddable":true,"href":"https:\/\/zjarr.tv\/sq\/wp-json\/wp\/v2\/tags?post=178150"}],"curies":[{"name":"wp","href":"https:\/\/api.w.org\/{rel}","templated":true}]}}