{"id":178175,"date":"2021-04-17T13:02:35","date_gmt":"2021-04-17T11:02:35","guid":{"rendered":"https:\/\/zjarr.tv\/?p=178175"},"modified":"2021-04-17T13:02:35","modified_gmt":"2021-04-17T11:02:35","slug":"eshte-i-mbaruar-kryemadhi-komenton-ftesen-e-rames-per-bashen-nuk-kam-pare-nje-burre-ti-lutet-nje-burri-tjeter-12-here-ne-dite","status":"publish","type":"post","link":"https:\/\/zjarr.tv\/sq\/eshte-i-mbaruar-kryemadhi-komenton-ftesen-e-rames-per-bashen-nuk-kam-pare-nje-burre-ti-lutet-nje-burri-tjeter-12-here-ne-dite\/","title":{"rendered":"\u201c\u00cbsht\u00eb i mbaruar\u201d, Kryemadhi komenton ftes\u00ebn e Ram\u00ebs p\u00ebr Bash\u00ebn: Nuk kam par\u00eb nj\u00eb burr\u00eb ti lutet nj\u00eb burri tjet\u00ebr 12 her\u00eb n\u00eb dit\u00eb"},"content":{"rendered":"<p>Kryetarja e L\u00ebvizjes Socialiste p\u00ebr Intergrim Monika Kryemadhi\u00a0 nga Vlora Ka komentuar ftes\u00ebn q\u00eb kryeministri Edi Rama i b\u00ebn kryedemokratit p\u00ebr bashk\u00ebpunim pas zgjedhjeve t\u00eb 25 prillit.<\/p>\n<p>Kryemadhi me ironi ka th\u00ebn\u00eb se \u00ebsht\u00eb hera e par\u00eb q\u00eb ka par\u00eb se si nj\u00eb burr\u00eb i lutet nj\u00eb burri 12 her\u00eb brenda 24 or\u00ebsh.<\/p>\n<p><em>\u201cUn\u00eb nuk kam par\u00eb burr\u00eb q\u00eb ti lutet nj\u00eb burri p\u00ebr 24 or\u00eb 12 her\u00eb. \u00cbsht\u00eb i mbaruar! Priteshm\u00ebrit\u00eb e mia n\u00eb Vlor\u00eb jan\u00eb 3 Vlora 1 Saranda<\/em>\u00a04\u2033, ka th\u00ebn\u00eb Kryemadhi.<\/p>\n","protected":false},"excerpt":{"rendered":"<p>Kryetarja e L\u00ebvizjes Socialiste p\u00ebr Intergrim Monika Kryemadhi\u00a0 nga Vlora Ka komentuar ftes\u00ebn q\u00eb kryeministri Edi Rama i b\u00ebn kryedemokratit p\u00ebr bashk\u00ebpunim pas zgjedhjeve t\u00eb 25 prillit. Kryemadhi me ironi ka th\u00ebn\u00eb se \u00ebsht\u00eb hera e par\u00eb q\u00eb ka par\u00eb se si nj\u00eb burr\u00eb i lutet nj\u00eb burri 12 her\u00eb brenda 24 or\u00ebsh. \u201cUn\u00eb nuk [&hellip;]<\/p>\n","protected":false},"author":2030,"featured_media":178176,"comment_status":"closed","ping_status":"closed","sticky":false,"template":"","format":"standard","meta":{"footnotes":""},"categories":[241,1454],"tags":[],"class_list":{"0":"post-178175","1":"post","2":"type-post","3":"status-publish","4":"format-standard","5":"has-post-thumbnail","7":"category-aktualitet","8":"category-politike"},"_links":{"self":[{"href":"https:\/\/zjarr.tv\/sq\/wp-json\/wp\/v2\/posts\/178175","targetHints":{"allow":["GET"]}}],"collection":[{"href":"https:\/\/zjarr.tv\/sq\/wp-json\/wp\/v2\/posts"}],"about":[{"href":"https:\/\/zjarr.tv\/sq\/wp-json\/wp\/v2\/types\/post"}],"author":[{"embeddable":true,"href":"https:\/\/zjarr.tv\/sq\/wp-json\/wp\/v2\/users\/2030"}],"replies":[{"embeddable":true,"href":"https:\/\/zjarr.tv\/sq\/wp-json\/wp\/v2\/comments?post=178175"}],"version-history":[{"count":0,"href":"https:\/\/zjarr.tv\/sq\/wp-json\/wp\/v2\/posts\/178175\/revisions"}],"wp:featuredmedia":[{"embeddable":true,"href":"https:\/\/zjarr.tv\/sq\/wp-json\/wp\/v2\/media\/178176"}],"wp:attachment":[{"href":"https:\/\/zjarr.tv\/sq\/wp-json\/wp\/v2\/media?parent=178175"}],"wp:term":[{"taxonomy":"category","embeddable":true,"href":"https:\/\/zjarr.tv\/sq\/wp-json\/wp\/v2\/categories?post=178175"},{"taxonomy":"post_tag","embeddable":true,"href":"https:\/\/zjarr.tv\/sq\/wp-json\/wp\/v2\/tags?post=178175"}],"curies":[{"name":"wp","href":"https:\/\/api.w.org\/{rel}","templated":true}]}}