{"id":178179,"date":"2021-04-17T13:38:16","date_gmt":"2021-04-17T11:38:16","guid":{"rendered":"https:\/\/zjarr.tv\/?p=178179"},"modified":"2021-04-17T13:38:16","modified_gmt":"2021-04-17T11:38:16","slug":"basha-ne-tepelene-nuk-eshte-zgjidhje-te-sjellim-punetore-nga-bangladeshi-por-te-mbajme-te-rinjte-tane-ketu-te-gjithe-te-votojme-ndryshimin","status":"publish","type":"post","link":"https:\/\/zjarr.tv\/sq\/basha-ne-tepelene-nuk-eshte-zgjidhje-te-sjellim-punetore-nga-bangladeshi-por-te-mbajme-te-rinjte-tane-ketu-te-gjithe-te-votojme-ndryshimin\/","title":{"rendered":"Basha n\u00eb Tepelen\u00eb: Nuk \u00ebsht\u00eb zgjidhje t\u00eb sjellim pun\u00ebtor\u00eb nga Bangladeshi, por t\u00eb mbajm\u00eb t\u00eb rinjt\u00eb tan\u00eb k\u00ebtu. T\u00eb gjith\u00eb t\u00eb votojm\u00eb ndryshimin"},"content":{"rendered":"<p>Kryetari i PD, Lulzim Basha ka mbajtur sot nj\u00eb takim me banor\u00ebt e Tepelen\u00ebs.<\/p>\n<p>Gjat\u00eb fjal\u00ebs s\u00eb tij, ai tha se 90 % e banor\u00ebve t\u00eb Kurveleshit jan\u00eb larguar pas keqqeverisjes s\u00eb k\u00ebtyre 8 viteve.<\/p>\n<p>Ai u b\u00ebri thirrje banor\u00ebve q\u00eb mos t\u00eb presin ndryshim prej dikujt q\u00eb e pati pushtetin p\u00ebr 8 vite dhe nuk b\u00ebri asgj\u00eb.<\/p>\n<p>\u201c<em>N\u00ebse k\u00ebto 8 vite nuk b\u00ebri dot asgj\u00eb, at\u00ebher\u00eb nuk b\u00ebn kurr\u00eb dot gj\u00eb<\/em>\u201d- u shpreh Basha.<\/p>\n<p>P\u00ebrsa i p\u00ebrket investimeve n\u00eb infrastruktur\u00ebn rrugore, Basha tha se do t\u00eb p\u00ebrfundonin rrug\u00ebn q\u00eb kishin nisur, rrug\u00ebn q\u00eb lidh Kurveleshin me Tepelen\u00ebn.<\/p>\n<p>\u201c<em>Ne e filluam bashk\u00eb rrug\u00ebn dhe do ta p\u00ebrfndojm\u00eb bashk\u00eb k\u00ebt\u00eb rrug\u00eb deri n\u00eb Borsh q\u00eb do ta lidh\u00eb Tepelen\u00ebn dhe Kurveleshin dhe do t\u00eb b\u00ebjm\u00eb q\u00eb zemra e turizmit ekonomik t\u00eb jet\u00eb zem\u00ebr dhe zhvillim p\u00ebr t\u00eb gjith\u00eb shqiptar\u00ebt<\/em>.\u201d- tha Basha.<\/p>\n<p>P\u00ebrve\u00e7se theksoi se nuk kemi nevoj\u00eb p\u00ebr pun\u00ebtor\u00eb nga Bangladeshi, n\u00eb fjal\u00ebn e tij, kryedemokrati foli edhe p\u00ebr statusin e minatorit dhe mb\u00ebshtetjen ndaj fermer\u00ebve, p\u00ebr t\u00eb cil\u00ebt tha se qeveria e tij do t\u00eb votonte statusin e minatorit dhe gjithashtu do t\u00eb mb\u00ebshteste fermer\u00ebt e Shqip\u00ebris\u00eb.<\/p>\n<p>\u201c<em>4 vite t\u00eb tjera si k\u00ebto q\u00eb shkuan do t\u00eb jen\u00eb fatale p\u00ebr Shqip\u00ebrin\u00eb, nuk \u00ebsht\u00eb zgjidhja q\u00eb t\u00eb sjellim pun\u00ebtor\u00eb nga Bangladeshi n\u00eb Shqip\u00ebrin\u00eb e zbrazur nga shqiptar\u00ebt.<\/em><\/p>\n<p><em>Zgjidhja \u00ebsht\u00eb q\u00eb t\u00eb sjellim investime k\u00ebtu, sjellim t\u00eb rinjt\u00eb shqiptar\u00eb k\u00ebtu.<\/em><\/p>\n<p><em>Ju drejtohem juve, minator\u00ebve t\u00eb vjet\u00ebr, statusi i i minatorit do t\u00eb miratohet nga qeveria q\u00eb do t\u00eb votoni n\u00eb 25 Prill p\u00ebr ndryshim.<\/em><\/p>\n<p><em>Ky besim, ky entuziaz\u00ebm, kjop shpres\u00eb nuk do t\u00eb ndalet deri m\u00eb 25 prill. Ju ftoj q\u00eb k\u00ebt\u00eb ta vazhdojm\u00eb minut\u00eb pas minute deri n\u00eb dit\u00ebn e zgjedhjeve n\u00eb dit\u00ebn e ndryshimit.\u201d-<\/em> p\u00ebrfundoi kryedemokrati.<\/p>\n","protected":false},"excerpt":{"rendered":"<p>Kryetari i PD, Lulzim Basha ka mbajtur sot nj\u00eb takim me banor\u00ebt e Tepelen\u00ebs. Gjat\u00eb fjal\u00ebs s\u00eb tij, ai tha se 90 % e banor\u00ebve t\u00eb Kurveleshit jan\u00eb larguar pas keqqeverisjes s\u00eb k\u00ebtyre 8 viteve. Ai u b\u00ebri thirrje banor\u00ebve q\u00eb mos t\u00eb presin ndryshim prej dikujt q\u00eb e pati pushtetin p\u00ebr 8 vite dhe [&hellip;]<\/p>\n","protected":false},"author":2030,"featured_media":178180,"comment_status":"closed","ping_status":"closed","sticky":false,"template":"","format":"standard","meta":{"footnotes":""},"categories":[241,1454],"tags":[],"class_list":{"0":"post-178179","1":"post","2":"type-post","3":"status-publish","4":"format-standard","5":"has-post-thumbnail","7":"category-aktualitet","8":"category-politike"},"_links":{"self":[{"href":"https:\/\/zjarr.tv\/sq\/wp-json\/wp\/v2\/posts\/178179","targetHints":{"allow":["GET"]}}],"collection":[{"href":"https:\/\/zjarr.tv\/sq\/wp-json\/wp\/v2\/posts"}],"about":[{"href":"https:\/\/zjarr.tv\/sq\/wp-json\/wp\/v2\/types\/post"}],"author":[{"embeddable":true,"href":"https:\/\/zjarr.tv\/sq\/wp-json\/wp\/v2\/users\/2030"}],"replies":[{"embeddable":true,"href":"https:\/\/zjarr.tv\/sq\/wp-json\/wp\/v2\/comments?post=178179"}],"version-history":[{"count":0,"href":"https:\/\/zjarr.tv\/sq\/wp-json\/wp\/v2\/posts\/178179\/revisions"}],"wp:featuredmedia":[{"embeddable":true,"href":"https:\/\/zjarr.tv\/sq\/wp-json\/wp\/v2\/media\/178180"}],"wp:attachment":[{"href":"https:\/\/zjarr.tv\/sq\/wp-json\/wp\/v2\/media?parent=178179"}],"wp:term":[{"taxonomy":"category","embeddable":true,"href":"https:\/\/zjarr.tv\/sq\/wp-json\/wp\/v2\/categories?post=178179"},{"taxonomy":"post_tag","embeddable":true,"href":"https:\/\/zjarr.tv\/sq\/wp-json\/wp\/v2\/tags?post=178179"}],"curies":[{"name":"wp","href":"https:\/\/api.w.org\/{rel}","templated":true}]}}