{"id":178198,"date":"2021-04-17T16:47:12","date_gmt":"2021-04-17T14:47:12","guid":{"rendered":"https:\/\/zjarr.tv\/?p=178198"},"modified":"2021-04-17T16:47:12","modified_gmt":"2021-04-17T14:47:12","slug":"bledi-cuci-nuk-ka-lider-tjeter-vec-edi-rames-per-ta-bere-shqiperine","status":"publish","type":"post","link":"https:\/\/zjarr.tv\/sq\/bledi-cuci-nuk-ka-lider-tjeter-vec-edi-rames-per-ta-bere-shqiperine\/","title":{"rendered":"Bledi \u00c7u\u00e7i: Nuk ka lider tjet\u00ebr ve\u00e7 Edi Ram\u00ebs p\u00ebr ta b\u00ebr\u00eb Shqip\u00ebrin\u00eb"},"content":{"rendered":"<p>Teksa ftoi qytetar\u00ebt t\u00eb votojn\u00eb p\u00ebr socialist\u00ebt m\u00eb 25 Prill, drejtuesi i PS p\u00ebr Gjirokastr\u00ebn Bledi \u00c7u\u00e7i, deklaroi se nuk ka lider tjet\u00ebr ve\u00e7 Edi Ram\u00ebs q\u00eb mund ta b\u00ebj\u00eb Shqip\u00ebrin\u00eb.<\/p>\n<p>Ai u shpreh se nj\u00eb epok\u00eb e re po lind p\u00ebr vendin dhe m\u00eb n\u00eb fund po vendoset besimi te politika si nj\u00eb garanci p\u00ebr t\u00eb vijuar at\u00eb rrug\u00ebtim q\u00eb \u00ebsht\u00eb nisur 7 vite m\u00eb par\u00eb.<\/p>\n<p>\u201cM\u00eb n\u00eb fund e kemi kuptuar ju dhe ne q\u00eb nj\u00eb epok\u00eb e re po lind p\u00ebr Shqip\u00ebrin\u00eb dhe Gjirokastr\u00ebn dhe m\u00eb n\u00eb fund po vendoset besimi te politika q\u00eb \u00ebsht\u00eb garanci e jasht\u00ebzakonshme q\u00eb t\u00eb vazhdojm\u00eb k\u00ebt\u00eb rrug\u00ebtim q\u00eb kemi nisur bashk\u00eb.<\/p>\n<p>Gjirokastra nuk ka alternativ\u00eb tjet\u00ebr p\u00ebrve\u00e7 PS-s\u00eb. Merrini miqt\u00eb dhe koleg\u00ebt t\u00eb votojn\u00eb m\u00eb 25 Prill. Nuk ka lider tjet\u00ebr ve\u00e7 Edi Ram\u00ebs p\u00ebr ta b\u00ebr\u00eb Gjirokastr\u00ebn dhe Shqip\u00ebrin\u00eb\u201d, deklaroi ai.<\/p>\n","protected":false},"excerpt":{"rendered":"<p>Teksa ftoi qytetar\u00ebt t\u00eb votojn\u00eb p\u00ebr socialist\u00ebt m\u00eb 25 Prill, drejtuesi i PS p\u00ebr Gjirokastr\u00ebn Bledi \u00c7u\u00e7i, deklaroi se nuk ka lider tjet\u00ebr ve\u00e7 Edi Ram\u00ebs q\u00eb mund ta b\u00ebj\u00eb Shqip\u00ebrin\u00eb. Ai u shpreh se nj\u00eb epok\u00eb e re po lind p\u00ebr vendin dhe m\u00eb n\u00eb fund po vendoset besimi te politika si nj\u00eb garanci [&hellip;]<\/p>\n","protected":false},"author":2031,"featured_media":178199,"comment_status":"closed","ping_status":"closed","sticky":false,"template":"","format":"standard","meta":{"footnotes":""},"categories":[241,231,235],"tags":[1090,312,329],"class_list":{"0":"post-178198","1":"post","2":"type-post","3":"status-publish","4":"format-standard","5":"has-post-thumbnail","7":"category-aktualitet","8":"category-lajme","9":"category-vendi","10":"tag-cuci","11":"tag-lajme","12":"tag-zjarr-tv"},"_links":{"self":[{"href":"https:\/\/zjarr.tv\/sq\/wp-json\/wp\/v2\/posts\/178198","targetHints":{"allow":["GET"]}}],"collection":[{"href":"https:\/\/zjarr.tv\/sq\/wp-json\/wp\/v2\/posts"}],"about":[{"href":"https:\/\/zjarr.tv\/sq\/wp-json\/wp\/v2\/types\/post"}],"author":[{"embeddable":true,"href":"https:\/\/zjarr.tv\/sq\/wp-json\/wp\/v2\/users\/2031"}],"replies":[{"embeddable":true,"href":"https:\/\/zjarr.tv\/sq\/wp-json\/wp\/v2\/comments?post=178198"}],"version-history":[{"count":0,"href":"https:\/\/zjarr.tv\/sq\/wp-json\/wp\/v2\/posts\/178198\/revisions"}],"wp:featuredmedia":[{"embeddable":true,"href":"https:\/\/zjarr.tv\/sq\/wp-json\/wp\/v2\/media\/178199"}],"wp:attachment":[{"href":"https:\/\/zjarr.tv\/sq\/wp-json\/wp\/v2\/media?parent=178198"}],"wp:term":[{"taxonomy":"category","embeddable":true,"href":"https:\/\/zjarr.tv\/sq\/wp-json\/wp\/v2\/categories?post=178198"},{"taxonomy":"post_tag","embeddable":true,"href":"https:\/\/zjarr.tv\/sq\/wp-json\/wp\/v2\/tags?post=178198"}],"curies":[{"name":"wp","href":"https:\/\/api.w.org\/{rel}","templated":true}]}}