{"id":178432,"date":"2021-04-19T12:54:10","date_gmt":"2021-04-19T10:54:10","guid":{"rendered":"https:\/\/zjarr.tv\/?p=178432"},"modified":"2021-04-19T12:54:10","modified_gmt":"2021-04-19T10:54:10","slug":"rama-acarohet-keq-ne-emision-heq-mikrofonat-dhe-braktis-intervisten-me-babaramon-gazetari-refuzoi-gjysmen-e-pyetjeve","status":"publish","type":"post","link":"https:\/\/zjarr.tv\/sq\/rama-acarohet-keq-ne-emision-heq-mikrofonat-dhe-braktis-intervisten-me-babaramon-gazetari-refuzoi-gjysmen-e-pyetjeve\/","title":{"rendered":"Rama acarohet keq n\u00eb emision, heq mikrofonat dhe braktis intervist\u00ebn me Babaramon\/ Gazetari: Refuzoi gjysm\u00ebn e pyetjeve\u2026"},"content":{"rendered":"<p>Gazetari Ilir Babaramo, p\u00ebrmes nj\u00eb postimi n\u00eb facebook, ka treguar detaje mbi intervist\u00ebn e realizuar me Kryeministrin Rama, ku ky i fundit ka refuzuar t\u2019i p\u00ebrgjigjet pyetjeve dhe ka ikur nga emisioni, n\u00eb m\u00ebnyr\u00eb t\u00eb beft\u00eb.<\/p>\n<p>Nuk dihet ende se \u00e7fare mund t\u00eb ket\u00eb ndodhur mes Ram\u00ebs dhe Babaramos n\u00eb emision, por gazetari tregon paraprakisht se Kryeministri, ka braktisur emisionin dhe nuk i \u00ebsht\u00eb p\u00ebrgjigjur pyetjeve.<\/p>\n<p>Ndoshta kan\u00eb qen\u00eb pyetjet ato q\u00eb nuk i kan\u00eb p\u00eblqyer Kryeministrit Rama, ose ndoshta ka qen\u00eb di\u00e7ka tjet\u00ebr, por mbetet p\u00ebr t\u2019u par\u00eb intervista p\u00ebr t\u00eb dh\u00ebn\u00eb nj\u00eb vler\u00ebsim t\u00eb asaj q\u00eb ka ndodhur.<\/p>\n<p><strong>POSTIMI I PLOT\u00cb:<\/strong>\u00a0<em>Nje interviste e nderprere ne mes nga Edi Rama gjate rregjistrimit i cili refuzoi ti pergjigjej me shume se gjysmes se pyetjeve sot paradite duke hequr mikrofonat dhe duke u larguar ne menyre te befte.\u00a0Ndiqni ne oren 20.55 \u00e7fare ndodhi sot ne studion e 5 Pyetjet.<\/em><\/p>\n<p>&nbsp;<\/p>\n","protected":false},"excerpt":{"rendered":"<p>Gazetari Ilir Babaramo, p\u00ebrmes nj\u00eb postimi n\u00eb facebook, ka treguar detaje mbi intervist\u00ebn e realizuar me Kryeministrin Rama, ku ky i fundit ka refuzuar t\u2019i p\u00ebrgjigjet pyetjeve dhe ka ikur nga emisioni, n\u00eb m\u00ebnyr\u00eb t\u00eb beft\u00eb. Nuk dihet ende se \u00e7fare mund t\u00eb ket\u00eb ndodhur mes Ram\u00ebs dhe Babaramos n\u00eb emision, por gazetari tregon paraprakisht [&hellip;]<\/p>\n","protected":false},"author":2016,"featured_media":178434,"comment_status":"closed","ping_status":"closed","sticky":false,"template":"","format":"standard","meta":{"footnotes":""},"categories":[241],"tags":[2516],"class_list":{"0":"post-178432","1":"post","2":"type-post","3":"status-publish","4":"format-standard","5":"has-post-thumbnail","7":"category-aktualitet","8":"tag-lajme-zjarr-rama-acarohet-keq-zjarr-tv"},"_links":{"self":[{"href":"https:\/\/zjarr.tv\/sq\/wp-json\/wp\/v2\/posts\/178432","targetHints":{"allow":["GET"]}}],"collection":[{"href":"https:\/\/zjarr.tv\/sq\/wp-json\/wp\/v2\/posts"}],"about":[{"href":"https:\/\/zjarr.tv\/sq\/wp-json\/wp\/v2\/types\/post"}],"author":[{"embeddable":true,"href":"https:\/\/zjarr.tv\/sq\/wp-json\/wp\/v2\/users\/2016"}],"replies":[{"embeddable":true,"href":"https:\/\/zjarr.tv\/sq\/wp-json\/wp\/v2\/comments?post=178432"}],"version-history":[{"count":0,"href":"https:\/\/zjarr.tv\/sq\/wp-json\/wp\/v2\/posts\/178432\/revisions"}],"wp:featuredmedia":[{"embeddable":true,"href":"https:\/\/zjarr.tv\/sq\/wp-json\/wp\/v2\/media\/178434"}],"wp:attachment":[{"href":"https:\/\/zjarr.tv\/sq\/wp-json\/wp\/v2\/media?parent=178432"}],"wp:term":[{"taxonomy":"category","embeddable":true,"href":"https:\/\/zjarr.tv\/sq\/wp-json\/wp\/v2\/categories?post=178432"},{"taxonomy":"post_tag","embeddable":true,"href":"https:\/\/zjarr.tv\/sq\/wp-json\/wp\/v2\/tags?post=178432"}],"curies":[{"name":"wp","href":"https:\/\/api.w.org\/{rel}","templated":true}]}}