{"id":178610,"date":"2021-04-20T12:01:37","date_gmt":"2021-04-20T10:01:37","guid":{"rendered":"https:\/\/zjarr.tv\/?p=178610"},"modified":"2021-04-20T12:01:55","modified_gmt":"2021-04-20T10:01:55","slug":"rama-javen-tjeter-hapet-gara-per-aeroportin-e-sarandes","status":"publish","type":"post","link":"https:\/\/zjarr.tv\/sq\/rama-javen-tjeter-hapet-gara-per-aeroportin-e-sarandes\/","title":{"rendered":"Rama: Jav\u00ebn tjet\u00ebr hapet gara p\u00ebr aeroportin e Sarand\u00ebs\u2026"},"content":{"rendered":"<p>Kryeministri Edi Rama, gjat\u00eb ceremonis\u00eb p\u00ebr n\u00ebnshkrimin e nisjes s\u00eb punimeve n\u00eb aeroportin e Vlor\u00ebs, tregoi, se jav\u00ebn e ardhshme, mund t\u00eb hapet gara p\u00ebr aeroportin e Sarand\u00ebs.<\/p>\n<p>Sepse Zoti Shqip\u00ebrin\u00eb e ka b\u00ebr\u00eb dit\u00ebn e diel, q\u00eb e ka pas pushim. Do t\u00eb b\u00ebjm\u00eb t\u00eb mundur q\u00eb njer\u00ebzit k\u00ebtu t\u00eb ken\u00eb mund\u00ebsi pun\u00ebsimi cil\u00ebsor. N\u00eb aeroportin e Vlor\u00ebs do t\u00eb duhen njer\u00ebz nga shum\u00eb zanate, duhen njer\u00ebz t\u00eb trajnuar. Prandaj kemi folur me bac\u00ebn Behgjet p\u00ebr t\u00eb krijuar n\u00eb Shqip\u00ebri akademin\u00eb e aviacionit. Jemi sot n\u00eb nj\u00eb moment q\u00eb realisht Shqip\u00ebria \u00ebsht\u00eb pas vuajtjes vjen leht\u00ebsimi.<\/p>\n","protected":false},"excerpt":{"rendered":"<p>Kryeministri Edi Rama, gjat\u00eb ceremonis\u00eb p\u00ebr n\u00ebnshkrimin e nisjes s\u00eb punimeve n\u00eb aeroportin e Vlor\u00ebs, tregoi, se jav\u00ebn e ardhshme, mund t\u00eb hapet gara p\u00ebr aeroportin e Sarand\u00ebs. Sepse Zoti Shqip\u00ebrin\u00eb e ka b\u00ebr\u00eb dit\u00ebn e diel, q\u00eb e ka pas pushim. Do t\u00eb b\u00ebjm\u00eb t\u00eb mundur q\u00eb njer\u00ebzit k\u00ebtu t\u00eb ken\u00eb mund\u00ebsi pun\u00ebsimi cil\u00ebsor. [&hellip;]<\/p>\n","protected":false},"author":2016,"featured_media":178615,"comment_status":"closed","ping_status":"closed","sticky":false,"template":"","format":"standard","meta":{"footnotes":""},"categories":[241],"tags":[2549],"class_list":{"0":"post-178610","1":"post","2":"type-post","3":"status-publish","4":"format-standard","5":"has-post-thumbnail","7":"category-aktualitet","8":"tag-lajme-zjarr-rama-hapet-gara-per-aeroportin-e-sarandes-zjarr-tv"},"_links":{"self":[{"href":"https:\/\/zjarr.tv\/sq\/wp-json\/wp\/v2\/posts\/178610","targetHints":{"allow":["GET"]}}],"collection":[{"href":"https:\/\/zjarr.tv\/sq\/wp-json\/wp\/v2\/posts"}],"about":[{"href":"https:\/\/zjarr.tv\/sq\/wp-json\/wp\/v2\/types\/post"}],"author":[{"embeddable":true,"href":"https:\/\/zjarr.tv\/sq\/wp-json\/wp\/v2\/users\/2016"}],"replies":[{"embeddable":true,"href":"https:\/\/zjarr.tv\/sq\/wp-json\/wp\/v2\/comments?post=178610"}],"version-history":[{"count":0,"href":"https:\/\/zjarr.tv\/sq\/wp-json\/wp\/v2\/posts\/178610\/revisions"}],"wp:featuredmedia":[{"embeddable":true,"href":"https:\/\/zjarr.tv\/sq\/wp-json\/wp\/v2\/media\/178615"}],"wp:attachment":[{"href":"https:\/\/zjarr.tv\/sq\/wp-json\/wp\/v2\/media?parent=178610"}],"wp:term":[{"taxonomy":"category","embeddable":true,"href":"https:\/\/zjarr.tv\/sq\/wp-json\/wp\/v2\/categories?post=178610"},{"taxonomy":"post_tag","embeddable":true,"href":"https:\/\/zjarr.tv\/sq\/wp-json\/wp\/v2\/tags?post=178610"}],"curies":[{"name":"wp","href":"https:\/\/api.w.org\/{rel}","templated":true}]}}