{"id":178619,"date":"2021-04-20T12:17:37","date_gmt":"2021-04-20T10:17:37","guid":{"rendered":"https:\/\/zjarr.tv\/?p=178619"},"modified":"2021-04-20T12:17:37","modified_gmt":"2021-04-20T10:17:37","slug":"patronazhistet-anetarja-e-kqz-thirrje-yuri-kim-ndihem-e-kercenuar","status":"publish","type":"post","link":"https:\/\/zjarr.tv\/sq\/patronazhistet-anetarja-e-kqz-thirrje-yuri-kim-ndihem-e-kercenuar\/","title":{"rendered":"Patronazhist\u00ebt\/ An\u00ebtarja e KQZ thirrje Yuri Kim: Ndihem e k\u00ebrc\u00ebnuar"},"content":{"rendered":"<p>An\u00ebtarja e Komisionit Rregullator n\u00eb Komisionin Qendror t\u00eb Zgjedhjeve, Helga Vukaj i k\u00ebrkon ambasadores s\u00eb SHBA-s\u00eb, Yuri Kim dhe p\u00ebrfaq\u00ebsuesve t\u00eb tjer\u00eb nd\u00ebrkomb\u00ebtar\u00eb t\u00eb marrin\u00a0 n\u00eb mbrojtje t\u00eb dh\u00ebnat personale t\u00eb shqiptar\u00ebve.<\/p>\n<p>N\u00eb mbledhjen e\u00a0 Komisionit Rregullator, Vukaj tha se ndihej e k\u00ebrc\u00ebnuar p\u00ebr shkak dhe t\u00eb funksionit q\u00eb ka. Sipas saj patronazhisti q\u00eb PS kishte v\u00ebn\u00eb n\u00eb dispozicion p\u00ebr t\u00eb mbikqyrur at\u00eb dhe i dinte edhe numrin e banes\u00ebs merrej n\u00eb mbrojtje nga kryeministri Edi Rama.<\/p>\n<p>\u201cUn\u00eb q\u00eb nuk\u00a0 kam dh\u00ebn\u00eb konsensusin askund q\u00eb t\u00eb m\u00eb p\u00ebrdoret ID e t\u00eb qarkullojn\u00eb posht\u00eb e p\u00ebrpjet\u00eb k\u00ebto t\u00eb dh\u00ebna, edhe p\u00ebr hir t\u00eb deklaratave q\u00eb b\u00ebj si an\u00ebtar i KQZ\u2013s\u00eb t\u00eb ndihem e riskuar kur p\u00ebrball\u00eb kam aureol\u00ebn mbrojtj\u00ebse nga lideri n\u00eb pushtet ndaj patronazhist\u00ebve. N\u00eb vend q\u00eb k\u00ebta patronazhist\u00eb sot t\u00eb ishin nj\u00eb ndjes\u00eb publike p\u00ebr veprimet q\u00eb kan\u00eb b\u00ebr\u00eb ndaj t\u00eb dh\u00ebnave personale t\u00eb gjith\u00ebsecilit sot k\u00ebta jan\u00eb marr\u00eb n\u00eb mbrojtje. M\u00eb lind automatikisht nj\u00eb thirrje, e vokacion i brendsh\u00ebm: Ju lutem ju lutem struktura nd\u00ebrkomb\u00ebtare t\u00eb akredituara n\u00eb Shqip\u00ebri. Zonja Kim, ambasadorja e SHBA, zot\u00ebrinj t\u00eb tjer\u00eb, shk\u00eblqesi q\u00eb drejtoni organizatat e akredituara n\u00eb Shqip\u00ebri dhe jeni kontributor\u00eb n\u00eb an\u00ebtar\u00ebsimin ton\u00eb n\u00eb NATO. Jam shtetase e n\u00eb vendi n\u00eb NATO e nuk kam garanci n\u00eb mbrojtjen e t\u00eb dh\u00ebnave personale. Ju lutem merrni n\u00eb mbrojtje t\u00eb dh\u00ebnat e \u00e7do shqiptari, p\u00ebrshir\u00eb t\u00eb dh\u00ebnat e mija. Ndihem e k\u00ebrc\u00ebnuar edhe p\u00ebr shkak t\u00eb funksionit.\u201d tha Vukaj.<\/p>\n","protected":false},"excerpt":{"rendered":"<p>An\u00ebtarja e Komisionit Rregullator n\u00eb Komisionin Qendror t\u00eb Zgjedhjeve, Helga Vukaj i k\u00ebrkon ambasadores s\u00eb SHBA-s\u00eb, Yuri Kim dhe p\u00ebrfaq\u00ebsuesve t\u00eb tjer\u00eb nd\u00ebrkomb\u00ebtar\u00eb t\u00eb marrin\u00a0 n\u00eb mbrojtje t\u00eb dh\u00ebnat personale t\u00eb shqiptar\u00ebve. N\u00eb mbledhjen e\u00a0 Komisionit Rregullator, Vukaj tha se ndihej e k\u00ebrc\u00ebnuar p\u00ebr shkak dhe t\u00eb funksionit q\u00eb ka. Sipas saj patronazhisti q\u00eb PS [&hellip;]<\/p>\n","protected":false},"author":2031,"featured_media":178621,"comment_status":"closed","ping_status":"closed","sticky":false,"template":"","format":"standard","meta":{"footnotes":""},"categories":[231,235],"tags":[2550,2407,312,329],"class_list":{"0":"post-178619","1":"post","2":"type-post","3":"status-publish","4":"format-standard","5":"has-post-thumbnail","7":"category-lajme","8":"category-vendi","9":"tag-kim","10":"tag-kqz","11":"tag-lajme","12":"tag-zjarr-tv"},"_links":{"self":[{"href":"https:\/\/zjarr.tv\/sq\/wp-json\/wp\/v2\/posts\/178619","targetHints":{"allow":["GET"]}}],"collection":[{"href":"https:\/\/zjarr.tv\/sq\/wp-json\/wp\/v2\/posts"}],"about":[{"href":"https:\/\/zjarr.tv\/sq\/wp-json\/wp\/v2\/types\/post"}],"author":[{"embeddable":true,"href":"https:\/\/zjarr.tv\/sq\/wp-json\/wp\/v2\/users\/2031"}],"replies":[{"embeddable":true,"href":"https:\/\/zjarr.tv\/sq\/wp-json\/wp\/v2\/comments?post=178619"}],"version-history":[{"count":0,"href":"https:\/\/zjarr.tv\/sq\/wp-json\/wp\/v2\/posts\/178619\/revisions"}],"wp:featuredmedia":[{"embeddable":true,"href":"https:\/\/zjarr.tv\/sq\/wp-json\/wp\/v2\/media\/178621"}],"wp:attachment":[{"href":"https:\/\/zjarr.tv\/sq\/wp-json\/wp\/v2\/media?parent=178619"}],"wp:term":[{"taxonomy":"category","embeddable":true,"href":"https:\/\/zjarr.tv\/sq\/wp-json\/wp\/v2\/categories?post=178619"},{"taxonomy":"post_tag","embeddable":true,"href":"https:\/\/zjarr.tv\/sq\/wp-json\/wp\/v2\/tags?post=178619"}],"curies":[{"name":"wp","href":"https:\/\/api.w.org\/{rel}","templated":true}]}}