{"id":178650,"date":"2021-04-20T16:19:32","date_gmt":"2021-04-20T14:19:32","guid":{"rendered":"https:\/\/zjarr.tv\/?p=178650"},"modified":"2021-04-20T16:19:32","modified_gmt":"2021-04-20T14:19:32","slug":"revoltohet-aktori-kisha-ndermend-te-votoja-ps-ne-por-tani-nuk-do-ta-jap-me-vetem-per-kete-patronazhistin","status":"publish","type":"post","link":"https:\/\/zjarr.tv\/sq\/revoltohet-aktori-kisha-ndermend-te-votoja-ps-ne-por-tani-nuk-do-ta-jap-me-vetem-per-kete-patronazhistin\/","title":{"rendered":"Revoltohet aktori: Kisha nd\u00ebrmend t\u00eb votoja PS-n\u00eb, por tani nuk do ta jap m\u00eb vet\u00ebm p\u00ebr k\u00ebt\u00eb patronazhistin"},"content":{"rendered":"<p>Aktori i humorit Rezart Veleshnja ka reaguar n\u00eb lidhje me tem\u00ebn e patronazhist\u00ebve pasi ka par\u00eb databazin e Partis\u00eb Socialiste dhe i ka rezultuar se do t\u00eb votoj\u00eb p\u00ebr PS-n\u00eb.<\/p>\n<p>Veleshnja tha se pasi ka par\u00eb databazin ai tashm\u00eb ka vendosur q\u00eb t\u00eb mos votoj\u00eb m\u00eb p\u00ebr PS-n\u00eb dhe pse e kishte nd\u00ebrmend.<\/p>\n<p>\u201cM\u00eb n\u00eb fund pash databaz\u00ebn dhe m\u00eb kishin kontrolluar \u00e7do gj\u00eb timen, kunata, nga ka ardhur, nga vjen, kishte hyr\u00eb n\u00eb familjen time, do votoj\u00eb p\u00ebr PS, i ati ka dal\u00eb n\u00eb pension.<\/p>\n<p>Nj\u00ebher\u00eb e p\u00ebrgjithmon\u00eb, sa t\u00eb kem jet\u00ebn, p\u00ebr k\u00ebta njer\u00ebz q\u00eb mua m\u00eb kan\u00eb b\u00ebr\u00eb k\u00ebt\u00eb gj\u00eb, q\u00eb m\u00eb kan\u00eb kontrolluar jet\u00ebn dhe \u00e7ojn\u00eb dhe informacione q\u00eb \u00ebsht\u00eb i sigurt ky q\u00eb do votoj\u00eb p\u00ebr ty, nuk e kan\u00eb vot\u00ebn vet\u00ebm nga kjo gj\u00eb.<\/p>\n<p>Un\u00eb p\u00ebr PS isha me th\u00ebn\u00eb t\u00eb drejt\u00ebn, do ta hidhja vot\u00ebn pas shum\u00eb vitesh, nuk do ta jap m\u00eb, vet\u00ebm p\u00ebr k\u00ebt\u00eb patronazhistin\u201d, tha Rezarti.<\/p>\n","protected":false},"excerpt":{"rendered":"<p>Aktori i humorit Rezart Veleshnja ka reaguar n\u00eb lidhje me tem\u00ebn e patronazhist\u00ebve pasi ka par\u00eb databazin e Partis\u00eb Socialiste dhe i ka rezultuar se do t\u00eb votoj\u00eb p\u00ebr PS-n\u00eb. Veleshnja tha se pasi ka par\u00eb databazin ai tashm\u00eb ka vendosur q\u00eb t\u00eb mos votoj\u00eb m\u00eb p\u00ebr PS-n\u00eb dhe pse e kishte nd\u00ebrmend. \u201cM\u00eb n\u00eb [&hellip;]<\/p>\n","protected":false},"author":2031,"featured_media":178651,"comment_status":"closed","ping_status":"closed","sticky":false,"template":"","format":"standard","meta":{"footnotes":""},"categories":[231,1454,193],"tags":[312,2553,329],"class_list":{"0":"post-178650","1":"post","2":"type-post","3":"status-publish","4":"format-standard","5":"has-post-thumbnail","7":"category-lajme","8":"category-politike","9":"category-showbiz","10":"tag-lajme","11":"tag-rezart-veleshnja","12":"tag-zjarr-tv"},"_links":{"self":[{"href":"https:\/\/zjarr.tv\/sq\/wp-json\/wp\/v2\/posts\/178650","targetHints":{"allow":["GET"]}}],"collection":[{"href":"https:\/\/zjarr.tv\/sq\/wp-json\/wp\/v2\/posts"}],"about":[{"href":"https:\/\/zjarr.tv\/sq\/wp-json\/wp\/v2\/types\/post"}],"author":[{"embeddable":true,"href":"https:\/\/zjarr.tv\/sq\/wp-json\/wp\/v2\/users\/2031"}],"replies":[{"embeddable":true,"href":"https:\/\/zjarr.tv\/sq\/wp-json\/wp\/v2\/comments?post=178650"}],"version-history":[{"count":0,"href":"https:\/\/zjarr.tv\/sq\/wp-json\/wp\/v2\/posts\/178650\/revisions"}],"wp:featuredmedia":[{"embeddable":true,"href":"https:\/\/zjarr.tv\/sq\/wp-json\/wp\/v2\/media\/178651"}],"wp:attachment":[{"href":"https:\/\/zjarr.tv\/sq\/wp-json\/wp\/v2\/media?parent=178650"}],"wp:term":[{"taxonomy":"category","embeddable":true,"href":"https:\/\/zjarr.tv\/sq\/wp-json\/wp\/v2\/categories?post=178650"},{"taxonomy":"post_tag","embeddable":true,"href":"https:\/\/zjarr.tv\/sq\/wp-json\/wp\/v2\/tags?post=178650"}],"curies":[{"name":"wp","href":"https:\/\/api.w.org\/{rel}","templated":true}]}}