{"id":178655,"date":"2021-04-20T16:27:48","date_gmt":"2021-04-20T14:27:48","guid":{"rendered":"https:\/\/zjarr.tv\/?p=178655"},"modified":"2021-04-20T16:27:48","modified_gmt":"2021-04-20T14:27:48","slug":"megaskandali-i-kreut-te-kadastres-reagon-dashamir-shehi-kjo-i-vuri-vulen-paturpesise-dhe-hajnise-se-ketij-shteti","status":"publish","type":"post","link":"https:\/\/zjarr.tv\/sq\/megaskandali-i-kreut-te-kadastres-reagon-dashamir-shehi-kjo-i-vuri-vulen-paturpesise-dhe-hajnise-se-ketij-shteti\/","title":{"rendered":"Megaskandali i kreut t\u00eb Kadastr\u00ebs, reagon Dashamir Shehi: Kjo i vuri vul\u00ebn paturp\u00ebsis\u00eb dhe hajnis\u00eb s\u00eb k\u00ebtij shteti"},"content":{"rendered":"<p>Kandidati p\u00ebr deputet n\u00eb aleanc\u00ebn PD-AN, Dashamir Shehi ka deklaruar dit\u00ebn e sotme se megaskandali me kreun e Kadastr\u00ebs, Artan Lame i vuri vul\u00ebn paturp\u00ebsis\u00eb dhe hajnis\u00eb t\u00eb qeveris\u00eb aktuale.<\/p>\n<p>Shehi thot\u00eb se legalizimet falas e soll\u00ebn n\u00eb pushtet qeverin\u00eb aktuale dhe ato i vendos\u00ebn vul\u00ebn e humb\u00ebsit dhe mashtruesit.<\/p>\n<p>Gazetari investigativ Artan Hoxha, p\u00ebrmes nj\u00eb postimi n\u00eb rrjetin social Faceboook, ka publikuar nj\u00eb audiop\u00ebrgjim, ku d\u00ebgjohet drejtori i P\u00ebrgjithsh\u00ebm i Kadastr\u00ebs Artan Lame, duke udh\u00ebzuar vart\u00ebsit e tij t\u00eb shfryt\u00ebzojn\u00eb legalizimin e 320 mij\u00eb legalizimeve n\u00eb funksion t\u00eb marrjes s\u00eb vot\u00ebs.<\/p>\n<p>\u201cLegalizimet falas t\u00eb soll\u00ebn n\u00eb pushtet, Legalizimet t\u00eb vendos\u00ebn vul\u00ebn e humb\u00ebsit dhe mashtruesit !<\/p>\n<p>Premtimi p\u00ebr legalizime falas n\u00eb fund t\u00eb fushat\u00ebs t\u00eb solli nj\u00eb bum votash n\u00eb vitin 2013, \u00e7ka solli dhe rrotacionin. Legalizimet falas rezultuan mashtrimi m\u00eb i madh n\u00eb tet\u00eb vite, ashtu si\u00e7 ishin premtimet p\u00ebr sh\u00ebndet\u00ebsi falas, p\u00ebr arsim falas dhe p\u00ebr rritje ekonomike. Skandali i fundit ku kreu i Kadastr\u00ebs Artan Lame, flet ne em\u00ebr t\u00eb kryeministrit se si ti mashtrojn\u00eb qytetar\u00ebt p\u00ebr legalizimin i v\u00eb vul\u00ebn shk\u00ebrmoqjes shtetit, i v\u00eb vil\u00ebn paturp\u00ebsin\u00eb dhe hajnis\u00eb s\u00eb k\u00ebtij shteti q\u00eb p\u00ebr tet\u00eb vite talli dhe rr\u00ebnoi shqiptar\u00ebt. Me 25 prill shqiptar\u00ebt nuk do t\u2019ja falin posht\u00ebrimin Edi Ram\u00ebs dhe shpur\u00ebs s\u00eb tij. Shqiptari gjith\u00eb jet\u00ebn punon p\u00ebr nj\u00eb pron\u00eb, vlera e s\u00eb cil\u00ebs ka r\u00ebn\u00eb nga parat\u00eb e krimit t\u00eb injektuara n\u00eb nd\u00ebrtim. P\u00ebr t\u00eb legalizuar k\u00ebt\u00eb pron\u00eb t\u00eb nd\u00ebrtuar me djers\u00eb shqiptarit i duhet t\u00eb posht\u00ebrohet nga shteti, nga Lame nga Rama dhe sekser\u00ebt e tyre. Fytyra e v\u00ebrtet\u00eb e k\u00ebsaj qeverie jan\u00eb ato fjal\u00eb t\u00eb Artan Lames dhe jo video me mesazhe n\u00eb facebook t\u00eb Ram\u00ebs e kukullave t\u00eb tij. Me 25 prill votojm\u00eb s\u00eb bashku p\u00ebr t\u2019ju rikthyer dinjitetin . Paturp\u00ebsia dhe rr\u00ebnimi i shtetit kan\u00eb em\u00ebr, ai \u00ebsht\u00eb Edi Rama !\u201d tha Shehi.<\/p>\n","protected":false},"excerpt":{"rendered":"<p>Kandidati p\u00ebr deputet n\u00eb aleanc\u00ebn PD-AN, Dashamir Shehi ka deklaruar dit\u00ebn e sotme se megaskandali me kreun e Kadastr\u00ebs, Artan Lame i vuri vul\u00ebn paturp\u00ebsis\u00eb dhe hajnis\u00eb t\u00eb qeveris\u00eb aktuale. Shehi thot\u00eb se legalizimet falas e soll\u00ebn n\u00eb pushtet qeverin\u00eb aktuale dhe ato i vendos\u00ebn vul\u00ebn e humb\u00ebsit dhe mashtruesit. Gazetari investigativ Artan Hoxha, p\u00ebrmes [&hellip;]<\/p>\n","protected":false},"author":2031,"featured_media":178656,"comment_status":"closed","ping_status":"closed","sticky":false,"template":"","format":"standard","meta":{"footnotes":""},"categories":[231,1454],"tags":[2160,312,329],"class_list":{"0":"post-178655","1":"post","2":"type-post","3":"status-publish","4":"format-standard","5":"has-post-thumbnail","7":"category-lajme","8":"category-politike","9":"tag-dashamir-shehi","10":"tag-lajme","11":"tag-zjarr-tv"},"_links":{"self":[{"href":"https:\/\/zjarr.tv\/sq\/wp-json\/wp\/v2\/posts\/178655","targetHints":{"allow":["GET"]}}],"collection":[{"href":"https:\/\/zjarr.tv\/sq\/wp-json\/wp\/v2\/posts"}],"about":[{"href":"https:\/\/zjarr.tv\/sq\/wp-json\/wp\/v2\/types\/post"}],"author":[{"embeddable":true,"href":"https:\/\/zjarr.tv\/sq\/wp-json\/wp\/v2\/users\/2031"}],"replies":[{"embeddable":true,"href":"https:\/\/zjarr.tv\/sq\/wp-json\/wp\/v2\/comments?post=178655"}],"version-history":[{"count":0,"href":"https:\/\/zjarr.tv\/sq\/wp-json\/wp\/v2\/posts\/178655\/revisions"}],"wp:featuredmedia":[{"embeddable":true,"href":"https:\/\/zjarr.tv\/sq\/wp-json\/wp\/v2\/media\/178656"}],"wp:attachment":[{"href":"https:\/\/zjarr.tv\/sq\/wp-json\/wp\/v2\/media?parent=178655"}],"wp:term":[{"taxonomy":"category","embeddable":true,"href":"https:\/\/zjarr.tv\/sq\/wp-json\/wp\/v2\/categories?post=178655"},{"taxonomy":"post_tag","embeddable":true,"href":"https:\/\/zjarr.tv\/sq\/wp-json\/wp\/v2\/tags?post=178655"}],"curies":[{"name":"wp","href":"https:\/\/api.w.org\/{rel}","templated":true}]}}