{"id":178662,"date":"2021-04-20T17:02:54","date_gmt":"2021-04-20T15:02:54","guid":{"rendered":"https:\/\/zjarr.tv\/?p=178662"},"modified":"2021-04-20T17:02:54","modified_gmt":"2021-04-20T15:02:54","slug":"perpilohen-masat-anti-covid-19-per-diten-e-diel-ja-rregullat-qe-do-te-ndjekin-votuesit","status":"publish","type":"post","link":"https:\/\/zjarr.tv\/sq\/perpilohen-masat-anti-covid-19-per-diten-e-diel-ja-rregullat-qe-do-te-ndjekin-votuesit\/","title":{"rendered":"P\u00ebrpilohen masat anti-Covid-19 p\u00ebr dit\u00ebn e diel, ja rregullat q\u00eb do t\u00eb ndjekin votuesit"},"content":{"rendered":"<p>T\u00eb diel\u00ebn e 25 prillit \u00a0qytetar\u00ebt shqiptar\u00eb do t\u00eb votojn\u00eb p\u00ebr partin\u00eb dhe kandidatin e preferuar p\u00ebr zgjedhjet parlamentare.<\/p>\n<p>Duke iu referuar masave anti-Covid, Instituti i Sh\u00ebndetit Publik dhe Ministria e Sh\u00ebndet\u00ebsis\u00eb kan\u00eb miratuar nj\u00eb protokoll lidhur me k\u00ebto masa gjat\u00eb procesit t\u00eb votimit dhe dit\u00ebs s\u00eb zgjedhjeve.<\/p>\n<p>-Nj\u00eb nd\u00ebr masat e detyrueshme \u00ebsht\u00eb mbajtja e mask\u00ebs si p\u00ebr votuesit ashtu edhe p\u00ebr komisioneret\u00a0 dhe v\u00ebzhguesit<\/p>\n<p>-Sallat ku do t\u00eb kryhet procesi i votimit duhet t\u00eb jen\u00eb n\u00eb katin e par\u00eb t\u00eb \u00e7do nd\u00ebrtese dhe t\u00eb pajisura me dritare p\u00ebr ajrosje.<\/p>\n<p>-\u00c7do qend\u00ebr votimi duhet t\u00eb jet\u00eb e pajisur me dezinfektant\u00eb p\u00ebr duart.<\/p>\n<p>-Kutit\u00eb e votimit duhet t\u00eb vendos\u00ebn 2 m larg nga vendq\u00ebndrimi i an\u00ebtar\u00ebve t\u00eb komisionit, po k\u00ebshtu dhe dhomat e fshehta nga nj\u00ebra-tjetra.<\/p>\n<p>-Po ashtu sallat n\u00eb qendrat e votimit duhet t\u00eb duhet t\u00eb dezinfektohen nj\u00eb dit\u00eb para procesit t\u00eb votimit si edhe gjat\u00eb procesit n\u00eb interval t\u00eb caktuara.<\/p>\n","protected":false},"excerpt":{"rendered":"<p>T\u00eb diel\u00ebn e 25 prillit \u00a0qytetar\u00ebt shqiptar\u00eb do t\u00eb votojn\u00eb p\u00ebr partin\u00eb dhe kandidatin e preferuar p\u00ebr zgjedhjet parlamentare. Duke iu referuar masave anti-Covid, Instituti i Sh\u00ebndetit Publik dhe Ministria e Sh\u00ebndet\u00ebsis\u00eb kan\u00eb miratuar nj\u00eb protokoll lidhur me k\u00ebto masa gjat\u00eb procesit t\u00eb votimit dhe dit\u00ebs s\u00eb zgjedhjeve. -Nj\u00eb nd\u00ebr masat e detyrueshme \u00ebsht\u00eb mbajtja [&hellip;]<\/p>\n","protected":false},"author":2031,"featured_media":178663,"comment_status":"closed","ping_status":"closed","sticky":false,"template":"","format":"standard","meta":{"footnotes":""},"categories":[231,235],"tags":[312,2555,2554,329],"class_list":{"0":"post-178662","1":"post","2":"type-post","3":"status-publish","4":"format-standard","5":"has-post-thumbnail","7":"category-lajme","8":"category-vendi","9":"tag-lajme","10":"tag-masat","11":"tag-votime","12":"tag-zjarr-tv"},"_links":{"self":[{"href":"https:\/\/zjarr.tv\/sq\/wp-json\/wp\/v2\/posts\/178662","targetHints":{"allow":["GET"]}}],"collection":[{"href":"https:\/\/zjarr.tv\/sq\/wp-json\/wp\/v2\/posts"}],"about":[{"href":"https:\/\/zjarr.tv\/sq\/wp-json\/wp\/v2\/types\/post"}],"author":[{"embeddable":true,"href":"https:\/\/zjarr.tv\/sq\/wp-json\/wp\/v2\/users\/2031"}],"replies":[{"embeddable":true,"href":"https:\/\/zjarr.tv\/sq\/wp-json\/wp\/v2\/comments?post=178662"}],"version-history":[{"count":0,"href":"https:\/\/zjarr.tv\/sq\/wp-json\/wp\/v2\/posts\/178662\/revisions"}],"wp:featuredmedia":[{"embeddable":true,"href":"https:\/\/zjarr.tv\/sq\/wp-json\/wp\/v2\/media\/178663"}],"wp:attachment":[{"href":"https:\/\/zjarr.tv\/sq\/wp-json\/wp\/v2\/media?parent=178662"}],"wp:term":[{"taxonomy":"category","embeddable":true,"href":"https:\/\/zjarr.tv\/sq\/wp-json\/wp\/v2\/categories?post=178662"},{"taxonomy":"post_tag","embeddable":true,"href":"https:\/\/zjarr.tv\/sq\/wp-json\/wp\/v2\/tags?post=178662"}],"curies":[{"name":"wp","href":"https:\/\/api.w.org\/{rel}","templated":true}]}}