{"id":178673,"date":"2021-04-20T17:37:27","date_gmt":"2021-04-20T15:37:27","guid":{"rendered":"https:\/\/zjarr.tv\/?p=178673"},"modified":"2021-04-20T17:37:27","modified_gmt":"2021-04-20T15:37:27","slug":"ne-nje-tavoline-me-personin-qe-plagosi-aktivistin-e-pd-ne-kavaje-reagon-redjan-krali-mohoj-kategorikisht-qe-ngjarja-te-kete-motive-politike","status":"publish","type":"post","link":"https:\/\/zjarr.tv\/sq\/ne-nje-tavoline-me-personin-qe-plagosi-aktivistin-e-pd-ne-kavaje-reagon-redjan-krali-mohoj-kategorikisht-qe-ngjarja-te-kete-motive-politike\/","title":{"rendered":"N\u00eb nj\u00eb tavolin\u00eb me personin q\u00eb plagosi aktivistin e PD n\u00eb Kavaj\u00eb, reagon Redjan Krali: Mohoj kategorikisht q\u00eb ngjarja t\u00eb ket\u00eb motive politike"},"content":{"rendered":"<p>Dit\u00ebn e sotme Partia Demokratike publikoi nj\u00eb foto ku kryebashkiaku i Kavaj\u00ebs Redian Krali, ishte i ulur n\u00eb t\u00eb nj\u00ebjt\u00ebn tryez\u00eb me Ndri\u00e7im Jonuzin, person ii cili dit\u00ebn e djeshme plagosi n\u00eb Kavaj\u00eb nj\u00eb aktivist t\u00eb Partis\u00eb Demokratike.<\/p>\n<p>Kryebashkiaku Krali ka reaguar p\u00ebr k\u00ebt\u00eb ngjarje n\u00eb emisionin \u201cBreaking\u201d, ku \u00ebsht\u00eb shprehur se ajo q\u00eb ndodhi nuk ishte p\u00ebr motive politike, nd\u00ebrsa nuk e ka komentuar njohjen me autorin e ngjarjes.<\/p>\n<p>\u201cUn\u00eb zgjedh t\u00eb mos e komentoj videomesazhin dhe p\u00ebr k\u00ebdo q\u00eb jeton n\u00eb qytet, e njeh m\u00eb s\u00eb miri. Jan\u00eb bashk\u00ebqytetar\u00ebt e Kavaj\u00ebs q\u00eb e njohin t\u00eb gjith\u00eb. Sinqerisht, kemi nj\u00eb fushat\u00eb model, shum\u00eb t\u00eb qet\u00eb. \u00cbsht\u00eb krejt normale, asnj\u00eb lloj problemi.<\/p>\n<p>Ne kemi nj\u00eb fushat\u00eb qytetare, nuk e kemi n\u00eb natyr\u00eb t\u00eb krijojm\u00eb incidente. Mohoj n\u00eb m\u00ebnyr\u00eb kategorike q\u00eb ngjarja t\u00eb ket\u00eb nuanca politike. D\u00ebshmitar\u00ebt kan\u00eb deklaruar se ishte rast\u00ebsi, nuk e di pse e kan\u00eb b\u00ebr\u00eb publike\u201d, tha Krali.<\/p>\n","protected":false},"excerpt":{"rendered":"<p>Dit\u00ebn e sotme Partia Demokratike publikoi nj\u00eb foto ku kryebashkiaku i Kavaj\u00ebs Redian Krali, ishte i ulur n\u00eb t\u00eb nj\u00ebjt\u00ebn tryez\u00eb me Ndri\u00e7im Jonuzin, person ii cili dit\u00ebn e djeshme plagosi n\u00eb Kavaj\u00eb nj\u00eb aktivist t\u00eb Partis\u00eb Demokratike. Kryebashkiaku Krali ka reaguar p\u00ebr k\u00ebt\u00eb ngjarje n\u00eb emisionin \u201cBreaking\u201d, ku \u00ebsht\u00eb shprehur se ajo q\u00eb ndodhi [&hellip;]<\/p>\n","protected":false},"author":2031,"featured_media":178628,"comment_status":"closed","ping_status":"closed","sticky":false,"template":"","format":"standard","meta":{"footnotes":""},"categories":[231,235],"tags":[312,2557,329],"class_list":{"0":"post-178673","1":"post","2":"type-post","3":"status-publish","4":"format-standard","5":"has-post-thumbnail","7":"category-lajme","8":"category-vendi","9":"tag-lajme","10":"tag-redjan-krali","11":"tag-zjarr-tv"},"_links":{"self":[{"href":"https:\/\/zjarr.tv\/sq\/wp-json\/wp\/v2\/posts\/178673","targetHints":{"allow":["GET"]}}],"collection":[{"href":"https:\/\/zjarr.tv\/sq\/wp-json\/wp\/v2\/posts"}],"about":[{"href":"https:\/\/zjarr.tv\/sq\/wp-json\/wp\/v2\/types\/post"}],"author":[{"embeddable":true,"href":"https:\/\/zjarr.tv\/sq\/wp-json\/wp\/v2\/users\/2031"}],"replies":[{"embeddable":true,"href":"https:\/\/zjarr.tv\/sq\/wp-json\/wp\/v2\/comments?post=178673"}],"version-history":[{"count":0,"href":"https:\/\/zjarr.tv\/sq\/wp-json\/wp\/v2\/posts\/178673\/revisions"}],"wp:featuredmedia":[{"embeddable":true,"href":"https:\/\/zjarr.tv\/sq\/wp-json\/wp\/v2\/media\/178628"}],"wp:attachment":[{"href":"https:\/\/zjarr.tv\/sq\/wp-json\/wp\/v2\/media?parent=178673"}],"wp:term":[{"taxonomy":"category","embeddable":true,"href":"https:\/\/zjarr.tv\/sq\/wp-json\/wp\/v2\/categories?post=178673"},{"taxonomy":"post_tag","embeddable":true,"href":"https:\/\/zjarr.tv\/sq\/wp-json\/wp\/v2\/tags?post=178673"}],"curies":[{"name":"wp","href":"https:\/\/api.w.org\/{rel}","templated":true}]}}