{"id":178692,"date":"2021-04-21T05:14:06","date_gmt":"2021-04-21T03:14:06","guid":{"rendered":"https:\/\/zjarr.tv\/?p=178692"},"modified":"2021-04-21T05:14:06","modified_gmt":"2021-04-21T03:14:06","slug":"vaksinimi-vazhdon-me-ritme-te-shpejta-manastirliu-shkon-ne-350-000-numri-i-vaksinimeve-ne-vendin-tone","status":"publish","type":"post","link":"https:\/\/zjarr.tv\/sq\/vaksinimi-vazhdon-me-ritme-te-shpejta-manastirliu-shkon-ne-350-000-numri-i-vaksinimeve-ne-vendin-tone\/","title":{"rendered":"Vaksinimi vazhdon me ritme t\u00eb shpejta, Manastirliu: Shkon n\u00eb 350.000 numri i vaksinimeve n\u00eb vendin ton\u00eb"},"content":{"rendered":"<p>Ministrja e Sh\u00ebndet\u00ebsis\u00eb Ogerta Manastirliu ka deklaruar se deri m\u00eb tani jan\u00eb kryer 350 mij\u00eb vaksinime n\u00eb t\u00eb gjith\u00eb vendin q\u00eb prej fillimit t\u00eb fushat\u00ebs.<\/p>\n<p>Dit\u00ebn e sotme nisi procesi i vaksinimit\u00a0 t\u00eb punonj\u00ebsve t\u00eb transportit ajror dhe n\u00eb dit\u00ebt n\u00eb vijim pritet t\u00eb vazhdoj\u00eb me punonj\u00ebsit e transportit urban.<\/p>\n<p>Kujtojm\u00eb se prej jav\u00ebsh n\u00eb vendin ton\u00eb ka nisur fushata e vaksinimit masiv, filimisht tek mosha e tret\u00eb mbi 80 vje\u00e7, duke vijuar m\u00eb pas me uljen e fash\u00ebs s\u00eb mosh\u00ebs s\u00eb vaksimit.<\/p>\n<p>&nbsp;<\/p>\n","protected":false},"excerpt":{"rendered":"<p>Ministrja e Sh\u00ebndet\u00ebsis\u00eb Ogerta Manastirliu ka deklaruar se deri m\u00eb tani jan\u00eb kryer 350 mij\u00eb vaksinime n\u00eb t\u00eb gjith\u00eb vendin q\u00eb prej fillimit t\u00eb fushat\u00ebs. Dit\u00ebn e sotme nisi procesi i vaksinimit\u00a0 t\u00eb punonj\u00ebsve t\u00eb transportit ajror dhe n\u00eb dit\u00ebt n\u00eb vijim pritet t\u00eb vazhdoj\u00eb me punonj\u00ebsit e transportit urban. Kujtojm\u00eb se prej jav\u00ebsh n\u00eb [&hellip;]<\/p>\n","protected":false},"author":2031,"featured_media":168336,"comment_status":"closed","ping_status":"closed","sticky":false,"template":"","format":"standard","meta":{"footnotes":""},"categories":[231,235],"tags":[312,2227,2560,329],"class_list":{"0":"post-178692","1":"post","2":"type-post","3":"status-publish","4":"format-standard","5":"has-post-thumbnail","7":"category-lajme","8":"category-vendi","9":"tag-lajme","10":"tag-manastirliu","11":"tag-vaksinimi-ne-vend","12":"tag-zjarr-tv"},"_links":{"self":[{"href":"https:\/\/zjarr.tv\/sq\/wp-json\/wp\/v2\/posts\/178692","targetHints":{"allow":["GET"]}}],"collection":[{"href":"https:\/\/zjarr.tv\/sq\/wp-json\/wp\/v2\/posts"}],"about":[{"href":"https:\/\/zjarr.tv\/sq\/wp-json\/wp\/v2\/types\/post"}],"author":[{"embeddable":true,"href":"https:\/\/zjarr.tv\/sq\/wp-json\/wp\/v2\/users\/2031"}],"replies":[{"embeddable":true,"href":"https:\/\/zjarr.tv\/sq\/wp-json\/wp\/v2\/comments?post=178692"}],"version-history":[{"count":0,"href":"https:\/\/zjarr.tv\/sq\/wp-json\/wp\/v2\/posts\/178692\/revisions"}],"wp:featuredmedia":[{"embeddable":true,"href":"https:\/\/zjarr.tv\/sq\/wp-json\/wp\/v2\/media\/168336"}],"wp:attachment":[{"href":"https:\/\/zjarr.tv\/sq\/wp-json\/wp\/v2\/media?parent=178692"}],"wp:term":[{"taxonomy":"category","embeddable":true,"href":"https:\/\/zjarr.tv\/sq\/wp-json\/wp\/v2\/categories?post=178692"},{"taxonomy":"post_tag","embeddable":true,"href":"https:\/\/zjarr.tv\/sq\/wp-json\/wp\/v2\/tags?post=178692"}],"curies":[{"name":"wp","href":"https:\/\/api.w.org\/{rel}","templated":true}]}}