{"id":178696,"date":"2021-04-21T05:31:52","date_gmt":"2021-04-21T03:31:52","guid":{"rendered":"https:\/\/zjarr.tv\/?p=178696"},"modified":"2021-04-21T05:31:52","modified_gmt":"2021-04-21T03:31:52","slug":"i-bera-bllok-metes-ne-telefon-kryemadhi-tregon-grindjet-me-presidentin","status":"publish","type":"post","link":"https:\/\/zjarr.tv\/sq\/i-bera-bllok-metes-ne-telefon-kryemadhi-tregon-grindjet-me-presidentin\/","title":{"rendered":"\u201cI b\u00ebra bllok Met\u00ebs n\u00eb telefon\u201d, Kryemadhi tregon &#8220;grindjet&#8221; me Presidentin"},"content":{"rendered":"<p>Monika Kryemadhi ka deklaruar mbr\u00ebmjen e sotme se i ka b\u00ebr\u00eb bllok n\u00eb telefon Presidentit Ilir Meta, p\u00ebrshkak se zihet me mesazhe me t\u00eb.<\/p>\n<p>E ftuar n\u00eb Opinion, kryetarja e LSI-s\u00eb deklaroi se kreu i opozit\u00ebs Lulzim Basha \u00ebsht\u00eb nd\u00ebrmjet\u00ebsuesi q\u00eb i ka b\u00ebr\u00eb t\u00eb takohen me nj\u00ebri-tjetrin.<\/p>\n<p>Pjese nga biseda:<\/p>\n<p>Monika Kryemadhi: Meta ka qen\u00eb block n\u00eb telefonin tim, zihemi me mesazhe, shahemi me mesazhe dhe zoti Basha ka qen\u00eb nd\u00ebrmjet\u00ebsuesi p\u00ebr t\u2019u takuar. Zihemi p\u00ebr \u00e7\u00ebshtjet e zgjedhjeve, sepse ajo q\u00eb un\u00eb mendoj \u00ebsht\u00eb q\u00eb \u00e7\u00ebshtja e procesit zgjedhor k\u00ebrkon fokusim t\u00eb gjith\u00eb institucioneve. Ajo q\u00eb \u00ebsht\u00eb m\u00eb e r\u00ebnd\u00ebsishme , presidenti, Kryeministri, Policia, Prokuroria dhe Gjykata jan\u00eb institucione dhe duhet t\u00eb jen\u00eb shum\u00eb korrekte.<\/p>\n<p>Blendi Fevziu: Rama ka qen\u00eb pajtues i gjaqeve?<\/p>\n<p>Kryemadhi: Basha, Basha, ai \u00ebsht\u00eb n\u00eb unison me zotin Meta\u2026<\/p>\n<p>&nbsp;<\/p>\n","protected":false},"excerpt":{"rendered":"<p>Monika Kryemadhi ka deklaruar mbr\u00ebmjen e sotme se i ka b\u00ebr\u00eb bllok n\u00eb telefon Presidentit Ilir Meta, p\u00ebrshkak se zihet me mesazhe me t\u00eb. E ftuar n\u00eb Opinion, kryetarja e LSI-s\u00eb deklaroi se kreu i opozit\u00ebs Lulzim Basha \u00ebsht\u00eb nd\u00ebrmjet\u00ebsuesi q\u00eb i ka b\u00ebr\u00eb t\u00eb takohen me nj\u00ebri-tjetrin. Pjese nga biseda: Monika Kryemadhi: Meta ka [&hellip;]<\/p>\n","protected":false},"author":2031,"featured_media":165567,"comment_status":"closed","ping_status":"closed","sticky":false,"template":"","format":"standard","meta":{"footnotes":""},"categories":[231,235],"tags":[299,312,298,329],"class_list":{"0":"post-178696","1":"post","2":"type-post","3":"status-publish","4":"format-standard","5":"has-post-thumbnail","7":"category-lajme","8":"category-vendi","9":"tag-ilir-meta","10":"tag-lajme","11":"tag-monika-kryemadhi","12":"tag-zjarr-tv"},"_links":{"self":[{"href":"https:\/\/zjarr.tv\/sq\/wp-json\/wp\/v2\/posts\/178696","targetHints":{"allow":["GET"]}}],"collection":[{"href":"https:\/\/zjarr.tv\/sq\/wp-json\/wp\/v2\/posts"}],"about":[{"href":"https:\/\/zjarr.tv\/sq\/wp-json\/wp\/v2\/types\/post"}],"author":[{"embeddable":true,"href":"https:\/\/zjarr.tv\/sq\/wp-json\/wp\/v2\/users\/2031"}],"replies":[{"embeddable":true,"href":"https:\/\/zjarr.tv\/sq\/wp-json\/wp\/v2\/comments?post=178696"}],"version-history":[{"count":0,"href":"https:\/\/zjarr.tv\/sq\/wp-json\/wp\/v2\/posts\/178696\/revisions"}],"wp:featuredmedia":[{"embeddable":true,"href":"https:\/\/zjarr.tv\/sq\/wp-json\/wp\/v2\/media\/165567"}],"wp:attachment":[{"href":"https:\/\/zjarr.tv\/sq\/wp-json\/wp\/v2\/media?parent=178696"}],"wp:term":[{"taxonomy":"category","embeddable":true,"href":"https:\/\/zjarr.tv\/sq\/wp-json\/wp\/v2\/categories?post=178696"},{"taxonomy":"post_tag","embeddable":true,"href":"https:\/\/zjarr.tv\/sq\/wp-json\/wp\/v2\/tags?post=178696"}],"curies":[{"name":"wp","href":"https:\/\/api.w.org\/{rel}","templated":true}]}}