{"id":179416,"date":"2021-04-25T10:57:10","date_gmt":"2021-04-25T08:57:10","guid":{"rendered":"https:\/\/zjarr.tv\/?p=179416"},"modified":"2021-04-25T10:57:10","modified_gmt":"2021-04-25T08:57:10","slug":"eshte-nje-dite-historike-basha-u-ben-thirrje-qytetareve-dilni-e-votoni-eshte-koha-juaj","status":"publish","type":"post","link":"https:\/\/zjarr.tv\/sq\/eshte-nje-dite-historike-basha-u-ben-thirrje-qytetareve-dilni-e-votoni-eshte-koha-juaj\/","title":{"rendered":"\u201c\u00cbsht\u00eb nj\u00eb dit\u00eb historike\u201d, Basha u b\u00ebn thirrje qytetar\u00ebve: Dilni e votoni, \u00ebsht\u00eb koha juaj!"},"content":{"rendered":"<p>Kryetari i Partis\u00eb Demokratike, Lulzim Basha ka votuar pak koh\u00eb m\u00eb p\u00ebrpara n\u00eb nj\u00ebsin\u00eb num\u00ebr 8 n\u00eb lagjen e tij.<\/p>\n<p>M\u00eb pas, Basha ka b\u00ebr\u00eb nj\u00eb postim n\u00eb rrjetet sociale ku shkruan se sot \u00ebsht\u00eb nj\u00eb dit\u00eb historike dhe fillimi i nj\u00eb epoke t\u00eb re p\u00ebr Shqip\u00ebrin\u00eb.<\/p>\n<p>Kreu i PD-s\u00eb u ka b\u00ebr\u00eb thirrje qytetar\u00ebve\u00a0 q\u00eb t\u00eb dalin dhe t\u00eb votojn\u00eb pasi sot \u00ebsht\u00eb dita e Shqip\u00ebris\u00eb.<\/p>\n<p><strong>Postimi i plot\u00eb:<\/strong><\/p>\n<p><em>Sot \u00ebsht\u00eb nj\u00eb dit\u00eb e mrekullueshme p\u00ebr vendin ton\u00eb. \u00cbsht\u00eb nj\u00eb dit\u00eb historike. Sot t\u00eb gjith\u00eb kemi fuqin\u00eb e vot\u00ebs n\u00eb duar \u2013 p\u00ebr vendin ton\u00eb, kombin ton\u00eb, f\u00ebmij\u00ebt tan\u00eb, t\u00eb ardhmen ton\u00eb. Ky \u00ebsht\u00eb fillimi i nj\u00eb epoke t\u00eb re p\u00ebr Shqip\u00ebrin\u00eb.<\/em><\/p>\n<p><em>Dilni dhe votoni \u2013 \u00ebsht\u00eb koha juaj!\u00a0 \u00c7do grua, burr\u00eb, \u00e7do familje \u2013 dilni dhe votoni. Mos rrini n\u00eb sht\u00ebpi \u2013 sot \u00ebsht\u00eb dita juaj. \u00cbsht\u00eb dita e demokracis\u00eb. \u00cbsht\u00eb dita e Shqip\u00ebris\u00eb. \u00cbsht\u00eb dita e f\u00ebmij\u00ebve tan\u00eb. Dilni dhe votoni!<\/em><\/p>\n<p>&nbsp;<\/p>\n","protected":false},"excerpt":{"rendered":"<p>Kryetari i Partis\u00eb Demokratike, Lulzim Basha ka votuar pak koh\u00eb m\u00eb p\u00ebrpara n\u00eb nj\u00ebsin\u00eb num\u00ebr 8 n\u00eb lagjen e tij. M\u00eb pas, Basha ka b\u00ebr\u00eb nj\u00eb postim n\u00eb rrjetet sociale ku shkruan se sot \u00ebsht\u00eb nj\u00eb dit\u00eb historike dhe fillimi i nj\u00eb epoke t\u00eb re p\u00ebr Shqip\u00ebrin\u00eb. Kreu i PD-s\u00eb u ka b\u00ebr\u00eb thirrje qytetar\u00ebve\u00a0 [&hellip;]<\/p>\n","protected":false},"author":2030,"featured_media":179419,"comment_status":"closed","ping_status":"closed","sticky":false,"template":"","format":"standard","meta":{"footnotes":""},"categories":[241,1454],"tags":[],"class_list":{"0":"post-179416","1":"post","2":"type-post","3":"status-publish","4":"format-standard","5":"has-post-thumbnail","7":"category-aktualitet","8":"category-politike"},"_links":{"self":[{"href":"https:\/\/zjarr.tv\/sq\/wp-json\/wp\/v2\/posts\/179416","targetHints":{"allow":["GET"]}}],"collection":[{"href":"https:\/\/zjarr.tv\/sq\/wp-json\/wp\/v2\/posts"}],"about":[{"href":"https:\/\/zjarr.tv\/sq\/wp-json\/wp\/v2\/types\/post"}],"author":[{"embeddable":true,"href":"https:\/\/zjarr.tv\/sq\/wp-json\/wp\/v2\/users\/2030"}],"replies":[{"embeddable":true,"href":"https:\/\/zjarr.tv\/sq\/wp-json\/wp\/v2\/comments?post=179416"}],"version-history":[{"count":0,"href":"https:\/\/zjarr.tv\/sq\/wp-json\/wp\/v2\/posts\/179416\/revisions"}],"wp:featuredmedia":[{"embeddable":true,"href":"https:\/\/zjarr.tv\/sq\/wp-json\/wp\/v2\/media\/179419"}],"wp:attachment":[{"href":"https:\/\/zjarr.tv\/sq\/wp-json\/wp\/v2\/media?parent=179416"}],"wp:term":[{"taxonomy":"category","embeddable":true,"href":"https:\/\/zjarr.tv\/sq\/wp-json\/wp\/v2\/categories?post=179416"},{"taxonomy":"post_tag","embeddable":true,"href":"https:\/\/zjarr.tv\/sq\/wp-json\/wp\/v2\/tags?post=179416"}],"curies":[{"name":"wp","href":"https:\/\/api.w.org\/{rel}","templated":true}]}}