{"id":179427,"date":"2021-04-25T11:23:01","date_gmt":"2021-04-25T09:23:01","guid":{"rendered":"https:\/\/zjarr.tv\/?p=179427"},"modified":"2021-04-25T11:23:01","modified_gmt":"2021-04-25T09:23:01","slug":"grida-duma-ka-dy-fjale-per-ata-qe-thone-eh-se-tek-vota-ime-mbeti","status":"publish","type":"post","link":"https:\/\/zjarr.tv\/sq\/grida-duma-ka-dy-fjale-per-ata-qe-thone-eh-se-tek-vota-ime-mbeti\/","title":{"rendered":"Grida Duma ka dy fjal\u00eb p\u00ebr ata q\u00eb thon\u00eb\u2026 \u2018eh, se tek vota ime mbeti\u2019"},"content":{"rendered":"<p>Grida Duma, kandidatja e PD-s\u00eb n\u00eb Tiran\u00eb i \u00ebsht\u00eb drejtuar sot n\u00eb ve\u00e7anti, qytetar\u00ebve q\u00eb mendojn\u00eb t\u00eb mos votojn\u00eb dhe q\u00eb i p\u00ebrkasin asaj pjese zgjedh\u00ebsisht q\u00eb quhet r\u00ebndom si zona gri.<\/p>\n<p>Duma ka p\u00ebrgatitur nj\u00eb video-mesazh bind\u00ebs posa\u00e7\u00ebrisht p\u00ebr k\u00ebt\u00eb pjes\u00eb t\u00eb shoq\u00ebris\u00eb, q\u00eb ta kuptoj\u00eb se sa r\u00ebnd\u00ebsi ka pjes\u00ebmarrja e tyre n\u00eb votim.<\/p>\n<p>\u201c<em>\u00cbsht\u00eb nj\u00eb dit\u00eb q\u00eb e kam t\u00eb domosdoshme t\u00eb flas p\u00ebr pjes\u00ebn gri t\u00eb shoq\u00ebris\u00eb, \u2013 thot\u00eb Duma. \u2013 \u00a0Un\u00eb \u00a0kam q\u00ebn\u00eb pjes\u00eb e atyre tryezave \u201cgri\u201d se kam qen\u00eb m\u00eb student\u00eb, n\u00eb akademi, n\u00eb biznese private, organizata t\u00eb ndryshme dhe e kam par\u00eb si mendon ajo zona gri q\u00eb thot\u00eb \u201ceh se p\u00ebr mua mbeti, tek vota ime mbeti\u2026\u201d<\/em><\/p>\n<p><em>Por \u00e7\u00ebshtja e vot\u00ebs sot nuk \u00ebsht\u00eb \u00e7\u00ebshtje e politik\u00ebs. Kam bindjen se ky vend sot duhet t\u00eb ndryshoj\u00eb dhe t\u2019i jepet nj\u00eb shans. Kujtojani vetes ato raste kur prisnit t\u2019u jepej nj\u00eb shans, nuk ka m\u00eb r\u00ebnd\u00ebsi sot fajtor\u00ebt por a e marrin p\u00ebrgjegj\u00ebsin\u00eb p\u00ebr ta ndryshuar k\u00ebt\u00eb vend?<\/em><\/p>\n<p><em>Nuk b\u00ebhet fjal\u00eb p\u00ebr nj\u00eb vot\u00eb por t\u00eb marr\u00ebsh p\u00ebrgjegj\u00ebsin\u00eb dhe t\u00eb shkosh atje. Po, ka mbetur p\u00ebr vot\u00ebn e secilit.<\/em><\/p>\n<p><em>Pjes\u00ebmarr\u00ebsja n\u00eb zgjedhje \u00ebsht\u00eb \u00e7\u00ebshtje e t\u00eb marrit pjes\u00eb n\u00eb k\u00ebt\u00eb vend. Shqip\u00ebria sot ka nevoj\u00eb dhe t\u00eb beh\u00ebsh pjes\u00eb e ndryshimit.<\/em><\/p>\n<p><em>Nisu nga e m\u00eb vogla n\u00eb marrjen e vendimeve dhe do t\u00eb arrish tek m\u00eb e madhja, ka shum\u00eb njer\u00ebz q\u00eb thon\u00eb se mua s\u2019m\u00eb varet jeta nga politika dhe i kam pun\u00ebt n\u00eb rregull, por ka shum\u00eb t\u00eb tjer\u00eb q\u00eb i varet prej nga vendimet e saj.<\/em><\/p>\n<p><em>N\u00eb k\u00ebt\u00eb vend erdhi nj\u00eb dit\u00eb kur as parat\u00eb nuk vler\u00eb edhe p\u00ebr ata q\u00eb i kan\u00eb, sepse shoq\u00ebria, miqt\u00eb, shok\u00ebt pavar\u00ebsisht parave q\u00eb kan\u00eb, kan\u00eb humbur vlerat. Me para, vlerat nuk i blejn\u00eb dot. \u201c<\/em><\/p>\n","protected":false},"excerpt":{"rendered":"<p>Grida Duma, kandidatja e PD-s\u00eb n\u00eb Tiran\u00eb i \u00ebsht\u00eb drejtuar sot n\u00eb ve\u00e7anti, qytetar\u00ebve q\u00eb mendojn\u00eb t\u00eb mos votojn\u00eb dhe q\u00eb i p\u00ebrkasin asaj pjese zgjedh\u00ebsisht q\u00eb quhet r\u00ebndom si zona gri. Duma ka p\u00ebrgatitur nj\u00eb video-mesazh bind\u00ebs posa\u00e7\u00ebrisht p\u00ebr k\u00ebt\u00eb pjes\u00eb t\u00eb shoq\u00ebris\u00eb, q\u00eb ta kuptoj\u00eb se sa r\u00ebnd\u00ebsi ka pjes\u00ebmarrja e tyre n\u00eb [&hellip;]<\/p>\n","protected":false},"author":2030,"featured_media":179428,"comment_status":"closed","ping_status":"closed","sticky":false,"template":"","format":"standard","meta":{"footnotes":""},"categories":[241,1454],"tags":[],"class_list":{"0":"post-179427","1":"post","2":"type-post","3":"status-publish","4":"format-standard","5":"has-post-thumbnail","7":"category-aktualitet","8":"category-politike"},"_links":{"self":[{"href":"https:\/\/zjarr.tv\/sq\/wp-json\/wp\/v2\/posts\/179427","targetHints":{"allow":["GET"]}}],"collection":[{"href":"https:\/\/zjarr.tv\/sq\/wp-json\/wp\/v2\/posts"}],"about":[{"href":"https:\/\/zjarr.tv\/sq\/wp-json\/wp\/v2\/types\/post"}],"author":[{"embeddable":true,"href":"https:\/\/zjarr.tv\/sq\/wp-json\/wp\/v2\/users\/2030"}],"replies":[{"embeddable":true,"href":"https:\/\/zjarr.tv\/sq\/wp-json\/wp\/v2\/comments?post=179427"}],"version-history":[{"count":0,"href":"https:\/\/zjarr.tv\/sq\/wp-json\/wp\/v2\/posts\/179427\/revisions"}],"wp:featuredmedia":[{"embeddable":true,"href":"https:\/\/zjarr.tv\/sq\/wp-json\/wp\/v2\/media\/179428"}],"wp:attachment":[{"href":"https:\/\/zjarr.tv\/sq\/wp-json\/wp\/v2\/media?parent=179427"}],"wp:term":[{"taxonomy":"category","embeddable":true,"href":"https:\/\/zjarr.tv\/sq\/wp-json\/wp\/v2\/categories?post=179427"},{"taxonomy":"post_tag","embeddable":true,"href":"https:\/\/zjarr.tv\/sq\/wp-json\/wp\/v2\/tags?post=179427"}],"curies":[{"name":"wp","href":"https:\/\/api.w.org\/{rel}","templated":true}]}}