{"id":179521,"date":"2021-04-26T08:12:28","date_gmt":"2021-04-26T06:12:28","guid":{"rendered":"https:\/\/zjarr.tv\/?p=179521"},"modified":"2021-04-26T08:12:48","modified_gmt":"2021-04-26T06:12:48","slug":"incidenti-i-pare-ne-kombinat-pezullohet-procesi-i-numerimit-nga-numeruesit-e-pd-ja-arsyeja","status":"publish","type":"post","link":"https:\/\/zjarr.tv\/sq\/incidenti-i-pare-ne-kombinat-pezullohet-procesi-i-numerimit-nga-numeruesit-e-pd-ja-arsyeja\/","title":{"rendered":"Incidenti i par\u00eb n\u00eb Kombinat\/ Pezullohet procesi i num\u00ebrimit nga num\u00ebruesit e PD\/ Ja arsyeja\u2026"},"content":{"rendered":"<p style=\"line-height: 19.5pt; background: white; margin: 0in 0in 18.75pt 0in;\"><span style=\"color: #2c2f34;\">Procesi i num\u00ebrimit, \u00ebsht\u00eb pezulluar p\u00ebrkoh\u00ebsisht n\u00eb 2 nga 5 tavolinat n\u00eb \u201cShkoll\u00ebn e Kuqe\u201d, si dhe n\u00eb zon\u00ebn e Kombinatit n\u00eb Tiran\u00eb.<\/span><\/p>\n<p style=\"line-height: 19.5pt; background: white; outline: none; box-sizing: border-box; font-variant-ligatures: normal; font-variant-caps: normal; orphans: 2; text-align: start; widows: 2; -webkit-text-stroke-width: 0px; text-decoration-thickness: initial; text-decoration-style: initial; text-decoration-color: initial; word-spacing: 0px; margin: 0in 0in 18.75pt 0in;\"><span style=\"color: #2c2f34;\">Ky pezullim, ka ardhur si rrjedhoj\u00eb e k\u00ebrkes\u00ebs s\u00eb b\u00ebr\u00eb p\u00ebr pushim, nga num\u00ebruesit e Partis\u00eb Demokratike, me arsyetimin se jan\u00eb t\u00eb lodhur. <\/span><span style=\"color: #2c2f34;\">Nd\u00ebrkoh\u00eb, an\u00ebtar\u00ebt e KQZ, num\u00ebruesit e PS dhe partive t\u00eb tjera, k\u00ebrkojn\u00eb q\u00eb procesi t\u00eb mos nd\u00ebrpritet.<\/span><\/p>\n<p style=\"line-height: 19.5pt; background: white; outline: none; box-sizing: border-box; font-variant-ligatures: normal; font-variant-caps: normal; orphans: 2; text-align: start; widows: 2; -webkit-text-stroke-width: 0px; text-decoration-thickness: initial; text-decoration-style: initial; text-decoration-color: initial; word-spacing: 0px; margin: 0in 0in 18.75pt 0in;\"><span style=\"color: #2c2f34;\">\u201cDuam t\u00eb b\u00ebjm\u00eb pushim, njer\u00ebzit jan\u00eb t\u00eb lodhur, duam dy or\u00eb pushim asgj\u00eb m\u00eb tep\u00ebr. K\u00ebta thon\u00eb vdisni k\u00ebtu. Nuk pranojm\u00eb t\u00eb nd\u00ebrrohen num\u00ebruesit, sepse duan deri tek kutia e 10.<\/span><\/p>\n<p style=\"line-height: 19.5pt; background: white; outline: none; box-sizing: border-box; font-variant-ligatures: normal; font-variant-caps: normal; orphans: 2; text-align: start; widows: 2; -webkit-text-stroke-width: 0px; text-decoration-thickness: initial; text-decoration-style: initial; text-decoration-color: initial; word-spacing: 0px; margin: 0in 0in 18.75pt 0in;\"><span style=\"color: #2c2f34;\">Ata jan\u00eb t\u00eb zhveshur nga ndjenjat humane. Punohet kat\u00ebr pes\u00eb or\u00eb, pushohet dy or\u00eb dhe kthehen prap\u00eb. Kjo aplikohet n\u00eb t\u00eb gjith\u00eb KZAZ. K\u00ebta sillen me nj\u00eb arroganc\u00eb. Sipas k\u00ebtyre Kodi Zgjedhor e parashikon q\u00eb pa u b\u00ebr\u00eb nga 5 n\u00eb 10 kuti nuk nd\u00ebrrohesh, nga ana tjet\u00ebr ka dhe nj\u00eb kod moral, kjo e fundit del mbi kodin ligjor\u201d, u shpreh num\u00ebruesi i PD-s\u00eb.<\/span><\/p>\n<p style=\"line-height: 19.5pt; background: white; outline: none; box-sizing: border-box; font-variant-ligatures: normal; font-variant-caps: normal; orphans: 2; text-align: start; widows: 2; -webkit-text-stroke-width: 0px; text-decoration-thickness: initial; text-decoration-style: initial; text-decoration-color: initial; word-spacing: 0px; margin: 0in 0in 18.75pt 0in;\"><span style=\"color: #2c2f34;\">E pranishme n\u00eb ambientet e num\u00ebrimit, ishte dhe Ministrja Belinda Balluku, e cila deklaroi se procesi duhet t\u00eb vazhdoj\u00eb, pasi num\u00ebruesit e PD-s\u00eb jan\u00eb minoranc\u00eb, p\u00ebrball\u00eb num\u00ebruesve t\u00eb forcave t\u00eb tjera politike pjes\u00ebmarr\u00ebse n\u00eb proces.<\/span><\/p>\n<p style=\"margin: 0in; line-height: 19.5pt; background: white; outline: none; box-sizing: border-box; font-variant-ligatures: normal; font-variant-caps: normal; orphans: 2; text-align: start; widows: 2; -webkit-text-stroke-width: 0px; text-decoration-thickness: initial; text-decoration-style: initial; text-decoration-color: initial; word-spacing: 0px;\"><span style=\"color: #2c2f34;\">\u201cNe duam t\u00eb num\u00ebrojm\u00eb, duke qen\u00eb se t\u00eb gjith\u00eb grupet jan\u00eb n\u00eb gjendje pune, s\u2019ka arsye p\u00ebr t\u00eb vonuar, t\u00eb k\u00ebrkosh t\u00eb flesh q\u00eb n\u00eb 5 or\u00ebt e para, i bie t\u00eb mbarojm\u00eb pas 3 jav\u00ebsh. Ne duam t\u00eb punojm\u00eb, PD do gjum\u00eb. Un\u00eb s\u2019e kuptoj, k\u00ebtu kemi par\u00eb nj\u00eb shfaqje, kutit\u00eb u mor\u00ebn zvarr\u00eb, s\u2019e kuptoj pse nuk flasin me z\u00eb t\u00eb ul\u00ebt. N\u00eb minoranc\u00eb PD duhet t\u00eb ndjek\u00eb grupin i p\u00ebrb\u00ebr\u00eb nga disa an\u00ebtar\u00eb. Kjo \u00ebsht\u00eb nj\u00eb bllokim i procesit, n\u00ebse duan t\u00eb flen\u00eb gjum\u00eb, i kuptoj. N\u00ebse duan t\u00eb pezullojn\u00eb procesin, prap\u00eb se kuptoj se kjo \u00ebsht\u00eb gj\u00eb q\u00eb do t\u00eb b\u00ebhet. Ata b\u00ebjn\u00eb mbledhje partie tek cepi, nd\u00ebrkoh\u00eb q\u00eb ne duam t\u00eb b\u00ebjm\u00eb pun\u00ebt\u201d, u shpreh Balluku.<\/span><\/p>\n","protected":false},"excerpt":{"rendered":"<p>Procesi i num\u00ebrimit, \u00ebsht\u00eb pezulluar p\u00ebrkoh\u00ebsisht n\u00eb 2 nga 5 tavolinat n\u00eb \u201cShkoll\u00ebn e Kuqe\u201d, si dhe n\u00eb zon\u00ebn e Kombinatit n\u00eb Tiran\u00eb. Ky pezullim, ka ardhur si rrjedhoj\u00eb e k\u00ebrkes\u00ebs s\u00eb b\u00ebr\u00eb p\u00ebr pushim, nga num\u00ebruesit e Partis\u00eb Demokratike, me arsyetimin se jan\u00eb t\u00eb lodhur. Nd\u00ebrkoh\u00eb, an\u00ebtar\u00ebt e KQZ, num\u00ebruesit e PS dhe partive [&hellip;]<\/p>\n","protected":false},"author":2016,"featured_media":179523,"comment_status":"closed","ping_status":"closed","sticky":false,"template":"","format":"standard","meta":{"footnotes":""},"categories":[241,1454],"tags":[2656],"class_list":{"0":"post-179521","1":"post","2":"type-post","3":"status-publish","4":"format-standard","5":"has-post-thumbnail","7":"category-aktualitet","8":"category-politike","9":"tag-lajme-zjarr-incidenti-i-pare-ne-kombinat-zjarr-tv"},"_links":{"self":[{"href":"https:\/\/zjarr.tv\/sq\/wp-json\/wp\/v2\/posts\/179521","targetHints":{"allow":["GET"]}}],"collection":[{"href":"https:\/\/zjarr.tv\/sq\/wp-json\/wp\/v2\/posts"}],"about":[{"href":"https:\/\/zjarr.tv\/sq\/wp-json\/wp\/v2\/types\/post"}],"author":[{"embeddable":true,"href":"https:\/\/zjarr.tv\/sq\/wp-json\/wp\/v2\/users\/2016"}],"replies":[{"embeddable":true,"href":"https:\/\/zjarr.tv\/sq\/wp-json\/wp\/v2\/comments?post=179521"}],"version-history":[{"count":0,"href":"https:\/\/zjarr.tv\/sq\/wp-json\/wp\/v2\/posts\/179521\/revisions"}],"wp:featuredmedia":[{"embeddable":true,"href":"https:\/\/zjarr.tv\/sq\/wp-json\/wp\/v2\/media\/179523"}],"wp:attachment":[{"href":"https:\/\/zjarr.tv\/sq\/wp-json\/wp\/v2\/media?parent=179521"}],"wp:term":[{"taxonomy":"category","embeddable":true,"href":"https:\/\/zjarr.tv\/sq\/wp-json\/wp\/v2\/categories?post=179521"},{"taxonomy":"post_tag","embeddable":true,"href":"https:\/\/zjarr.tv\/sq\/wp-json\/wp\/v2\/tags?post=179521"}],"curies":[{"name":"wp","href":"https:\/\/api.w.org\/{rel}","templated":true}]}}