{"id":179533,"date":"2021-04-26T08:58:50","date_gmt":"2021-04-26T06:58:50","guid":{"rendered":"https:\/\/zjarr.tv\/?p=179533"},"modified":"2021-04-26T08:58:50","modified_gmt":"2021-04-26T06:58:50","slug":"kandidati-demokrat-qe-ka-marre-me-shume-vota-se-basha-ne-njesine-nr-10-ne-tirane","status":"publish","type":"post","link":"https:\/\/zjarr.tv\/sq\/kandidati-demokrat-qe-ka-marre-me-shume-vota-se-basha-ne-njesine-nr-10-ne-tirane\/","title":{"rendered":"Kandidati demokrat q\u00eb ka marr\u00eb m\u00eb shum\u00eb vota se Basha, n\u00eb nj\u00ebsin\u00eb nr.10 n\u00eb Tiran\u00eb\u2026"},"content":{"rendered":"<p style=\"line-height: 19.5pt; background: white; margin: 0in 0in 18.75pt 0in;\"><span style=\"color: #2c2f34;\">Jan\u00eb num\u00ebruar kutit\u00eb e nj\u00ebsis\u00eb num\u00ebr 10 n\u00eb Tiran\u00eb, sa i p\u00ebrket kandidat\u00ebve p\u00ebr deputet\u00eb t\u00eb t\u00eb gjitha Partive.<\/span><\/p>\n<p style=\"line-height: 19.5pt; background: white; outline: none; box-sizing: border-box; font-variant-ligatures: normal; font-variant-caps: normal; orphans: 2; text-align: start; widows: 2; -webkit-text-stroke-width: 0px; text-decoration-thickness: initial; text-decoration-style: initial; text-decoration-color: initial; word-spacing: 0px; margin: 0in 0in 18.75pt 0in;\"><span style=\"color: #2c2f34;\">Ajo \u00e7far\u00eb bie n\u00eb sy n\u00eb numrin e votave t\u00eb marra nga kandidat\u00ebt e PD , \u00ebsht\u00eb se kryetari i PD Basha rendidet i dyti me 492 vota.<\/span><\/p>\n<p style=\"line-height: 19.5pt; background: white; outline: none; box-sizing: border-box; font-variant-ligatures: normal; font-variant-caps: normal; orphans: 2; text-align: start; widows: 2; -webkit-text-stroke-width: 0px; text-decoration-thickness: initial; text-decoration-style: initial; text-decoration-color: initial; word-spacing: 0px; margin: 0in 0in 18.75pt 0in;\"><span style=\"color: #2c2f34;\">Nd\u00ebrsa kandidati i PD me m\u00eb shum\u00eb vota n\u00eb k\u00ebt\u00eb nj\u00ebsi \u00ebsht\u00eb, Agron Shehaj me 525 vota.<\/span><\/p>\n<p style=\"line-height: 19.5pt; background: white; outline: none; box-sizing: border-box; font-variant-ligatures: normal; font-variant-caps: normal; orphans: 2; text-align: start; widows: 2; -webkit-text-stroke-width: 0px; text-decoration-thickness: initial; text-decoration-style: initial; text-decoration-color: initial; word-spacing: 0px; margin: 0in 0in 18.75pt 0in;\"><span style=\"color: #2c2f34;\">Kandidat\u00eb t\u00eb tjer\u00eb q\u00eb kan\u00eb pothuajse t\u00eb nj\u00ebjtat vota me kryetarin e PD, jan\u00eb edhe Ori Nebiaj dhe Dashamir Shehi.<\/span><\/p>\n<p style=\"line-height: 19.5pt; background: white; outline: none; box-sizing: border-box; font-variant-ligatures: normal; font-variant-caps: normal; orphans: 2; text-align: start; widows: 2; -webkit-text-stroke-width: 0px; text-decoration-thickness: initial; text-decoration-style: initial; text-decoration-color: initial; word-spacing: 0px; margin: 0in 0in 18.75pt 0in;\"><span style=\"color: #2c2f34;\">Nd\u00ebrsa rezultatet e partive politike n\u00eb nj\u00ebsin\u00eb nr.10 t\u00eb Tiran\u00ebs jan\u00eb si m\u00eb posht\u00eb:<\/span><\/p>\n<p style=\"margin: 0in; line-height: 19.5pt; background: white; outline: none; box-sizing: border-box; font-variant-ligatures: normal; font-variant-caps: normal; orphans: 2; text-align: start; widows: 2; -webkit-text-stroke-width: 0px; text-decoration-thickness: initial; text-decoration-style: initial; text-decoration-color: initial; word-spacing: 0px;\"><span style=\"color: #2c2f34;\">Partia Socialiste \u2013 6007 vota<br style=\"outline: none; box-sizing: border-box;\" \/>Partia Demokratike \u2013 4550 vota<br style=\"outline: none; box-sizing: border-box;\" \/>L\u00ebvizja Socialiste p\u00ebr Integrim \u2013 628 vota<\/span><\/p>\n","protected":false},"excerpt":{"rendered":"<p>Jan\u00eb num\u00ebruar kutit\u00eb e nj\u00ebsis\u00eb num\u00ebr 10 n\u00eb Tiran\u00eb, sa i p\u00ebrket kandidat\u00ebve p\u00ebr deputet\u00eb t\u00eb t\u00eb gjitha Partive. Ajo \u00e7far\u00eb bie n\u00eb sy n\u00eb numrin e votave t\u00eb marra nga kandidat\u00ebt e PD , \u00ebsht\u00eb se kryetari i PD Basha rendidet i dyti me 492 vota. Nd\u00ebrsa kandidati i PD me m\u00eb shum\u00eb vota [&hellip;]<\/p>\n","protected":false},"author":2016,"featured_media":179535,"comment_status":"closed","ping_status":"closed","sticky":false,"template":"","format":"standard","meta":{"footnotes":""},"categories":[241,1454],"tags":[2659],"class_list":{"0":"post-179533","1":"post","2":"type-post","3":"status-publish","4":"format-standard","5":"has-post-thumbnail","7":"category-aktualitet","8":"category-politike","9":"tag-lajme-zjarr-njesia-nr-10-ne-tirane-zjarr-tv"},"_links":{"self":[{"href":"https:\/\/zjarr.tv\/sq\/wp-json\/wp\/v2\/posts\/179533","targetHints":{"allow":["GET"]}}],"collection":[{"href":"https:\/\/zjarr.tv\/sq\/wp-json\/wp\/v2\/posts"}],"about":[{"href":"https:\/\/zjarr.tv\/sq\/wp-json\/wp\/v2\/types\/post"}],"author":[{"embeddable":true,"href":"https:\/\/zjarr.tv\/sq\/wp-json\/wp\/v2\/users\/2016"}],"replies":[{"embeddable":true,"href":"https:\/\/zjarr.tv\/sq\/wp-json\/wp\/v2\/comments?post=179533"}],"version-history":[{"count":0,"href":"https:\/\/zjarr.tv\/sq\/wp-json\/wp\/v2\/posts\/179533\/revisions"}],"wp:featuredmedia":[{"embeddable":true,"href":"https:\/\/zjarr.tv\/sq\/wp-json\/wp\/v2\/media\/179535"}],"wp:attachment":[{"href":"https:\/\/zjarr.tv\/sq\/wp-json\/wp\/v2\/media?parent=179533"}],"wp:term":[{"taxonomy":"category","embeddable":true,"href":"https:\/\/zjarr.tv\/sq\/wp-json\/wp\/v2\/categories?post=179533"},{"taxonomy":"post_tag","embeddable":true,"href":"https:\/\/zjarr.tv\/sq\/wp-json\/wp\/v2\/tags?post=179533"}],"curies":[{"name":"wp","href":"https:\/\/api.w.org\/{rel}","templated":true}]}}