{"id":179556,"date":"2021-04-26T10:35:33","date_gmt":"2021-04-26T08:35:33","guid":{"rendered":"https:\/\/zjarr.tv\/?p=179556"},"modified":"2021-04-26T10:35:33","modified_gmt":"2021-04-26T08:35:33","slug":"ambasadorja-yuri-kim-le-te-presim-te-gjithe-me-durim-rezultatet","status":"publish","type":"post","link":"https:\/\/zjarr.tv\/sq\/ambasadorja-yuri-kim-le-te-presim-te-gjithe-me-durim-rezultatet\/","title":{"rendered":"Ambasadorja Yuri Kim: Le t\u00eb presim t\u00eb gjith\u00eb me durim rezultatet\u2026"},"content":{"rendered":"<p>Ambasadorja amerikane Yuri Kim, ka b\u00ebr\u00eb thirrje q\u00eb t\u00eb pritet me durim, dalja e rezultatit t\u00eb Zgjedhjeve t\u00eb 25 Prillit.<\/p>\n<p>Paraditen e s\u00eb h\u00ebn\u00ebs, Kim s\u00eb bashku me Kryetarin e KQZ, Ilirjan Celibashin, ka vizituar dy qendra t\u00eb num\u00ebrimit t\u00eb votave n\u00eb Tiran\u00eb.<\/p>\n<p><em>\u201cKa nisur procesi i num\u00ebrimit p\u00ebr zgjedhjet e Shqip\u00ebris\u00eb<\/em>, \u2013 shkroi Ambasadorja Kim n\u00eb rrjetet sociale.<\/p>\n<p><em>\u201cMe Ilirjan Celibashin nga Komisioni Q\u00ebndror i Zgjedhjeve vizitova qendrat e numerimit n\u00eb \u201cVasil Shanto\u201d dhe Shkolla e Kuqe.<\/em><\/p>\n<p><em>Pun\u00eb t\u00eb mbar\u00eb dhe faleminderit t\u00eb gjith\u00eb num\u00ebruesve dhe stafit q\u00eb punon gjith\u00eb nat\u00ebn. Le t\u00eb presim t\u00eb gjith\u00eb me durim rezultatet. SHBA do t\u00eb jen\u00eb me ju deri n\u00eb fund!\u201d<\/em>\u00a0ka theksuar ambasadorja amerikane.<\/p>\n","protected":false},"excerpt":{"rendered":"<p>Ambasadorja amerikane Yuri Kim, ka b\u00ebr\u00eb thirrje q\u00eb t\u00eb pritet me durim, dalja e rezultatit t\u00eb Zgjedhjeve t\u00eb 25 Prillit. Paraditen e s\u00eb h\u00ebn\u00ebs, Kim s\u00eb bashku me Kryetarin e KQZ, Ilirjan Celibashin, ka vizituar dy qendra t\u00eb num\u00ebrimit t\u00eb votave n\u00eb Tiran\u00eb. \u201cKa nisur procesi i num\u00ebrimit p\u00ebr zgjedhjet e Shqip\u00ebris\u00eb, \u2013 shkroi Ambasadorja [&hellip;]<\/p>\n","protected":false},"author":2016,"featured_media":179558,"comment_status":"closed","ping_status":"closed","sticky":false,"template":"","format":"standard","meta":{"footnotes":""},"categories":[241],"tags":[2665],"class_list":{"0":"post-179556","1":"post","2":"type-post","3":"status-publish","4":"format-standard","5":"has-post-thumbnail","7":"category-aktualitet","8":"tag-lajme-zjarr-kim-le-te-presim-rezultatet-zjarr-tv"},"_links":{"self":[{"href":"https:\/\/zjarr.tv\/sq\/wp-json\/wp\/v2\/posts\/179556","targetHints":{"allow":["GET"]}}],"collection":[{"href":"https:\/\/zjarr.tv\/sq\/wp-json\/wp\/v2\/posts"}],"about":[{"href":"https:\/\/zjarr.tv\/sq\/wp-json\/wp\/v2\/types\/post"}],"author":[{"embeddable":true,"href":"https:\/\/zjarr.tv\/sq\/wp-json\/wp\/v2\/users\/2016"}],"replies":[{"embeddable":true,"href":"https:\/\/zjarr.tv\/sq\/wp-json\/wp\/v2\/comments?post=179556"}],"version-history":[{"count":0,"href":"https:\/\/zjarr.tv\/sq\/wp-json\/wp\/v2\/posts\/179556\/revisions"}],"wp:featuredmedia":[{"embeddable":true,"href":"https:\/\/zjarr.tv\/sq\/wp-json\/wp\/v2\/media\/179558"}],"wp:attachment":[{"href":"https:\/\/zjarr.tv\/sq\/wp-json\/wp\/v2\/media?parent=179556"}],"wp:term":[{"taxonomy":"category","embeddable":true,"href":"https:\/\/zjarr.tv\/sq\/wp-json\/wp\/v2\/categories?post=179556"},{"taxonomy":"post_tag","embeddable":true,"href":"https:\/\/zjarr.tv\/sq\/wp-json\/wp\/v2\/tags?post=179556"}],"curies":[{"name":"wp","href":"https:\/\/api.w.org\/{rel}","templated":true}]}}