{"id":179569,"date":"2021-04-26T11:36:12","date_gmt":"2021-04-26T09:36:12","guid":{"rendered":"https:\/\/zjarr.tv\/?p=179569"},"modified":"2021-04-26T11:36:12","modified_gmt":"2021-04-26T09:36:12","slug":"pas-doreheqjes-flet-tom-doshi-nuk-do-te-jem-ne-kuvend-por-psd-do-e-drejtoj-une","status":"publish","type":"post","link":"https:\/\/zjarr.tv\/sq\/pas-doreheqjes-flet-tom-doshi-nuk-do-te-jem-ne-kuvend-por-psd-do-e-drejtoj-une\/","title":{"rendered":"Pas dor\u00ebheqjes flet Tom Doshi: Nuk do t\u00eb jem n\u00eb Kuvend, por PSD do e drejtoj un\u00eb\u2026"},"content":{"rendered":"<p>Tom Doshi dha dor\u00ebheqjen nga lista e deputet\u00ebve t\u00eb PSD-s\u00eb, pasi m\u00ebsoi se do t\u00eb jet\u00eb n\u00eb kuvend. N\u00eb nj\u00eb let\u00ebr publike, Tom Doshi shkruan se ka dh\u00ebn\u00eb dor\u00ebheqjen nga qenia si deputet, por do t\u00eb vazhdoj\u00eb t\u00eb q\u00ebndroj\u00eb n\u00eb krye t\u00eb Partis\u00eb Socialdemokrate.<\/p>\n<p><strong>Deklarat\u00eb p\u00ebr shtyp e liderit t\u00eb PSD-s\u00eb Tom Doshi:<\/strong><\/p>\n<p><em>T\u00eb dashtun antar\u00eb t\u00eb PSD-s\u00eb, mb\u00ebshtet\u00ebs, aktivista dhe miq, <\/em><em>Duke qen\u00eb i vet\u00ebdijsh\u00ebm se shum\u00ebkush asht surprizuar nga dor\u00ebheqja jeme, kam detyrim moral p\u00ebrpara jush q\u00eb t\u2019ju sqaroj p\u00ebr vendimin q\u00eb kam marr\u00eb p\u00ebr me dhan\u00eb dor\u00ebheqjen nga mandati jem si deputet.<\/em><\/p>\n<p><em>Ma s\u00eb pariasht e r\u00ebnd\u00ebsishm\u00eb t\u2019ju garantoj se kam hequr dor\u00eb nga mandati, por jo nga Partia Social Demokrate dhe as nga angazhimi politik p\u00ebr p\u00ebrmbushjen konstante t\u00eb premtimeve ndaj jush. P\u00ebr k\u00ebto premtime, sic e kam vert\u00ebtuar edhe n\u00eb t\u00eb kaluar\u00ebn, do t\u00eb punoj \u00e7do dit\u00eb, fushat\u00eb elektorale ose jo, duke q\u00ebn\u00eb pik\u00ebrisht ky angazhim busulla ime e p\u00ebrditshme n\u00eb angazhimin politik.<\/em><\/p>\n<p><em>Ky hap asht nd\u00ebrmarr\u00eb prej mejet p\u00ebr k\u00ebto arsye:<\/em><em>S\u00eb pari due q\u00eb t\u00eb jem plotsisht i lir\u00eb q\u00eb t\u2019i p\u00ebrkushtohem me t\u00eb gjitha mjetet q\u00eb m\u00eb ofron ligji, mbrojtjes s\u00eb emnit tem prej lakimit t\u00eb pavend dhe tendencioz q\u00eb i asht ba koh\u00ebt e fundit, duke \u00e7liruar k\u00ebshtu energjit\u00eb e PSD vet\u00ebm drejt misionit politik dhe p\u00ebrfaq\u00ebsimit t\u00eb interesave t\u00eb qytetar\u00ebve. <\/em><em>Ky vendim asht marr\u00eb vet\u00ebm sepse s\u00eb bashku me nj\u00eb ekip me njer\u00ebz t\u00eb rinj, t\u00eb p\u00ebrkushtuar dhe me integritet, kemi arrit\u00eb objektivat q\u00eb i kishim vu vetes, pra mobilizimi jon\u00eb e dha rezultatin e vet, u impenjova p\u00ebr fitore dhe e arrit\u00ebm fitoren. <\/em><em>N\u00eb parlament apo jasht\u00eb parlamentit Tom Doshi asht dhe do t\u00eb jet\u00eb gjithmon\u00eb me ju, sepse do t\u00eb vijoj t\u00eb jem n\u00eb udh\u00ebheqje t\u00eb PSD-s\u00eb dhe nuk do t\u2019ju braktisi asnjiher\u00eb. <\/em><em>Detyrimi jem politik dhe moral karshi jush, \u00ebsht\u00eb p\u00ebrkushtim q\u00eb i ka rranj\u00ebt n\u00eb historikun tem familjar dhe n\u00eb b\u00ebsimin n\u00eb Zot q\u00eb m\u00eb frym\u00ebzon p\u00ebr t\u2019ju sh\u00ebrbyer e p\u00ebr t\u00eb p\u00ebrcjell\u00eb zanin tuaj n\u00eb vendimet politike q\u00eb ndikojn\u00eb n\u00eb jet\u00ebt tuaja. <\/em><em>T\u00eb gjith\u00eb ata q\u00eb do t\u2019ju p\u00ebrfaqesojn\u00eb ju n\u00eb parlament do t\u00eb luftojn\u00eb me mish e me shpirt p\u00ebr ju dhe nuk do ta tradhtojn\u00eb vot\u00ebn tuj, k\u00ebt\u00eb impenjim e kam marr\u00eb kur ju kam k\u00ebrku vot\u00ebn dhe k\u00ebt\u00eb premtim do ta mbaj gjithmon\u00eb.<\/em><\/p>\n<p><em>T\u00eb dashtun Miq; <\/em><em>Politika fillon tek ju dhe bahet n\u00eb parlament por do t\u00eb ishte nji politik\u00eb shterp\u00eb, n\u00ebse prej parlamentit nuk do t\u00eb kthehej prap tek ju p\u00ebr me dhan\u00eb frutet e veta. <\/em><em>Un nuk hyj n\u00eb parlament, por partia jon\u00eb do t\u00eb jet\u00eb aty. Un nuk hyj n\u00eb parlament sepse nuk du q\u00eb votat tueja t\u00eb ken\u00eb asnji penges\u00eb, s\u00eb bashku me deputetet tan\u00eb n\u00eb parlament do ta \u00e7ojm\u00eb nalt zanin tuej dhe s\u2019do t\u2019ju zhg\u00ebnjejm\u00eb asnjiher\u00eb. <\/em><em>Ju falenderoj secilin prej jush p\u00ebr forc\u00ebn, besimin, ngroht\u00ebsin\u00eb njerzore q\u00eb me keni dhan\u00eb,ju na dhat\u00eb vot\u00ebn tuej e ne ju dham\u00eb fitoren, tashti s\u00eb bashku do t\u00eb nd\u00ebrtojm\u00eb n\u00eb parlamentdhe kudo t\u00eb ardhmen ton\u00eb.<\/em><\/p>\n<p><em>Me respekt <\/em><em>Tom Doshi<\/em><\/p>\n<p>&nbsp;<\/p>\n","protected":false},"excerpt":{"rendered":"<p>Tom Doshi dha dor\u00ebheqjen nga lista e deputet\u00ebve t\u00eb PSD-s\u00eb, pasi m\u00ebsoi se do t\u00eb jet\u00eb n\u00eb kuvend. N\u00eb nj\u00eb let\u00ebr publike, Tom Doshi shkruan se ka dh\u00ebn\u00eb dor\u00ebheqjen nga qenia si deputet, por do t\u00eb vazhdoj\u00eb t\u00eb q\u00ebndroj\u00eb n\u00eb krye t\u00eb Partis\u00eb Socialdemokrate. Deklarat\u00eb p\u00ebr shtyp e liderit t\u00eb PSD-s\u00eb Tom Doshi: T\u00eb dashtun [&hellip;]<\/p>\n","protected":false},"author":2016,"featured_media":179571,"comment_status":"closed","ping_status":"closed","sticky":false,"template":"","format":"standard","meta":{"footnotes":""},"categories":[241],"tags":[2669],"class_list":{"0":"post-179569","1":"post","2":"type-post","3":"status-publish","4":"format-standard","5":"has-post-thumbnail","7":"category-aktualitet","8":"tag-lajme-zjarr-flet-tom-doshi-zjarr-tv"},"_links":{"self":[{"href":"https:\/\/zjarr.tv\/sq\/wp-json\/wp\/v2\/posts\/179569","targetHints":{"allow":["GET"]}}],"collection":[{"href":"https:\/\/zjarr.tv\/sq\/wp-json\/wp\/v2\/posts"}],"about":[{"href":"https:\/\/zjarr.tv\/sq\/wp-json\/wp\/v2\/types\/post"}],"author":[{"embeddable":true,"href":"https:\/\/zjarr.tv\/sq\/wp-json\/wp\/v2\/users\/2016"}],"replies":[{"embeddable":true,"href":"https:\/\/zjarr.tv\/sq\/wp-json\/wp\/v2\/comments?post=179569"}],"version-history":[{"count":0,"href":"https:\/\/zjarr.tv\/sq\/wp-json\/wp\/v2\/posts\/179569\/revisions"}],"wp:featuredmedia":[{"embeddable":true,"href":"https:\/\/zjarr.tv\/sq\/wp-json\/wp\/v2\/media\/179571"}],"wp:attachment":[{"href":"https:\/\/zjarr.tv\/sq\/wp-json\/wp\/v2\/media?parent=179569"}],"wp:term":[{"taxonomy":"category","embeddable":true,"href":"https:\/\/zjarr.tv\/sq\/wp-json\/wp\/v2\/categories?post=179569"},{"taxonomy":"post_tag","embeddable":true,"href":"https:\/\/zjarr.tv\/sq\/wp-json\/wp\/v2\/tags?post=179569"}],"curies":[{"name":"wp","href":"https:\/\/api.w.org\/{rel}","templated":true}]}}