{"id":179583,"date":"2021-04-26T12:24:05","date_gmt":"2021-04-26T10:24:05","guid":{"rendered":"https:\/\/zjarr.tv\/?p=179583"},"modified":"2021-04-26T12:24:05","modified_gmt":"2021-04-26T10:24:05","slug":"perditesimi-i-kqz-kush-po-i-fiton-zgjedhjet","status":"publish","type":"post","link":"https:\/\/zjarr.tv\/sq\/perditesimi-i-kqz-kush-po-i-fiton-zgjedhjet\/","title":{"rendered":"P\u00ebrdit\u00ebsimi i KQZ\/ Kush po i fiton zgjedhjet?"},"content":{"rendered":"<p>KQZ ka p\u00ebrdit\u00ebsuar rezultatin e zgjedhjeve deri n\u00eb or\u00ebn 11:21.<\/p>\n<p>Jan\u00eb num\u00ebruar 1872 nga 5199 qendra votimi, nga ku rezulton se Partia Socialiste ka marr\u00eb 49.42%, PD 38.8%, LSI 7.14%,\u00a0 PSD 1.96% dhe Nisma Thurje 0.6%.<\/p>\n<p>Partia Socialiste e Edi Ram\u00ebs udh\u00ebheq bindsh\u00ebm dhe deri n\u00eb k\u00ebto momente \u00ebsht\u00eb projektuar si fituese e zgjedhjeve. Nd\u00ebrsa n\u00eb rradh\u00ebt e opozit\u00ebs duket se ka zhg\u00ebnjim.<\/p>\n<p>Surpriza \u00ebsht\u00eb rezultati i projektuar i PSD n\u00eb Tiran\u00eb dhe n\u00eb Shkod\u00ebr, ku ka pritshm\u00ebri p\u00ebr dy mandate.<\/p>\n<p>Rezultatet paraprake n\u00eb rang vendi sipas KQZ:<\/p>\n<p>&nbsp;<\/p>\n","protected":false},"excerpt":{"rendered":"<p>KQZ ka p\u00ebrdit\u00ebsuar rezultatin e zgjedhjeve deri n\u00eb or\u00ebn 11:21. Jan\u00eb num\u00ebruar 1872 nga 5199 qendra votimi, nga ku rezulton se Partia Socialiste ka marr\u00eb 49.42%, PD 38.8%, LSI 7.14%,\u00a0 PSD 1.96% dhe Nisma Thurje 0.6%. Partia Socialiste e Edi Ram\u00ebs udh\u00ebheq bindsh\u00ebm dhe deri n\u00eb k\u00ebto momente \u00ebsht\u00eb projektuar si fituese e zgjedhjeve. Nd\u00ebrsa [&hellip;]<\/p>\n","protected":false},"author":2016,"featured_media":179586,"comment_status":"closed","ping_status":"closed","sticky":false,"template":"","format":"standard","meta":{"footnotes":""},"categories":[241,1454],"tags":[2671],"class_list":{"0":"post-179583","1":"post","2":"type-post","3":"status-publish","4":"format-standard","5":"has-post-thumbnail","7":"category-aktualitet","8":"category-politike","9":"tag-lajme-zjarr-kush-po-i-fiton-zgjedhjet-zjarr-tv"},"_links":{"self":[{"href":"https:\/\/zjarr.tv\/sq\/wp-json\/wp\/v2\/posts\/179583","targetHints":{"allow":["GET"]}}],"collection":[{"href":"https:\/\/zjarr.tv\/sq\/wp-json\/wp\/v2\/posts"}],"about":[{"href":"https:\/\/zjarr.tv\/sq\/wp-json\/wp\/v2\/types\/post"}],"author":[{"embeddable":true,"href":"https:\/\/zjarr.tv\/sq\/wp-json\/wp\/v2\/users\/2016"}],"replies":[{"embeddable":true,"href":"https:\/\/zjarr.tv\/sq\/wp-json\/wp\/v2\/comments?post=179583"}],"version-history":[{"count":0,"href":"https:\/\/zjarr.tv\/sq\/wp-json\/wp\/v2\/posts\/179583\/revisions"}],"wp:featuredmedia":[{"embeddable":true,"href":"https:\/\/zjarr.tv\/sq\/wp-json\/wp\/v2\/media\/179586"}],"wp:attachment":[{"href":"https:\/\/zjarr.tv\/sq\/wp-json\/wp\/v2\/media?parent=179583"}],"wp:term":[{"taxonomy":"category","embeddable":true,"href":"https:\/\/zjarr.tv\/sq\/wp-json\/wp\/v2\/categories?post=179583"},{"taxonomy":"post_tag","embeddable":true,"href":"https:\/\/zjarr.tv\/sq\/wp-json\/wp\/v2\/tags?post=179583"}],"curies":[{"name":"wp","href":"https:\/\/api.w.org\/{rel}","templated":true}]}}