{"id":179619,"date":"2021-04-26T13:50:26","date_gmt":"2021-04-26T11:50:26","guid":{"rendered":"https:\/\/zjarr.tv\/?p=179619"},"modified":"2021-04-26T13:50:26","modified_gmt":"2021-04-26T11:50:26","slug":"numerimi-ne-qarkun-lezhe-pd-kryeson-por-me-rezultat-shume-te-ngushte-nga-ps-ja-si-eshte-projeksioni-i-mandateve-deri-tani","status":"publish","type":"post","link":"https:\/\/zjarr.tv\/sq\/numerimi-ne-qarkun-lezhe-pd-kryeson-por-me-rezultat-shume-te-ngushte-nga-ps-ja-si-eshte-projeksioni-i-mandateve-deri-tani\/","title":{"rendered":"Num\u00ebrimi n\u00eb Qarkun Lezh\u00eb! PD kryeson, por me rezultat shum\u00eb t\u00eb ngusht\u00eb nga PS! Ja si \u00ebsht\u00eb projeksioni i mandateve deri tani"},"content":{"rendered":"<p>Teksa n\u00eb Lezh\u00eb ende po vijon me rit\u00ebm t\u00eb vog\u00ebl num\u00ebrimi, PD kryeson n\u00eb k\u00ebt\u00eb qark qarkun e Lezh\u00ebs, me 45.5% t\u00eb votave, nd\u00ebrsa ka nj\u00eb rezultat t\u00eb ngusht\u00eb me PS, e cila vjen pas saj me 41.9%.<\/p>\n<p>LSI deri tani ka marr\u00eb vet\u00ebm 8.4% t\u00eb votave. Partit\u00eb e tjera t\u00eb vogla nuk marrin mjaftuesh\u00ebm vota sa p\u00ebr t\u00eb marr\u00eb nj\u00eb mandat deputeti. Deri n\u00eb k\u00ebto momente mandatet ndahen 4 me 3 p\u00ebr Partin\u00eb Demokratike.<\/p>\n","protected":false},"excerpt":{"rendered":"<p>Teksa n\u00eb Lezh\u00eb ende po vijon me rit\u00ebm t\u00eb vog\u00ebl num\u00ebrimi, PD kryeson n\u00eb k\u00ebt\u00eb qark qarkun e Lezh\u00ebs, me 45.5% t\u00eb votave, nd\u00ebrsa ka nj\u00eb rezultat t\u00eb ngusht\u00eb me PS, e cila vjen pas saj me 41.9%. LSI deri tani ka marr\u00eb vet\u00ebm 8.4% t\u00eb votave. Partit\u00eb e tjera t\u00eb vogla nuk marrin mjaftuesh\u00ebm [&hellip;]<\/p>\n","protected":false},"author":2030,"featured_media":179513,"comment_status":"closed","ping_status":"closed","sticky":false,"template":"","format":"standard","meta":{"footnotes":""},"categories":[241,1454],"tags":[],"class_list":{"0":"post-179619","1":"post","2":"type-post","3":"status-publish","4":"format-standard","5":"has-post-thumbnail","7":"category-aktualitet","8":"category-politike"},"_links":{"self":[{"href":"https:\/\/zjarr.tv\/sq\/wp-json\/wp\/v2\/posts\/179619","targetHints":{"allow":["GET"]}}],"collection":[{"href":"https:\/\/zjarr.tv\/sq\/wp-json\/wp\/v2\/posts"}],"about":[{"href":"https:\/\/zjarr.tv\/sq\/wp-json\/wp\/v2\/types\/post"}],"author":[{"embeddable":true,"href":"https:\/\/zjarr.tv\/sq\/wp-json\/wp\/v2\/users\/2030"}],"replies":[{"embeddable":true,"href":"https:\/\/zjarr.tv\/sq\/wp-json\/wp\/v2\/comments?post=179619"}],"version-history":[{"count":0,"href":"https:\/\/zjarr.tv\/sq\/wp-json\/wp\/v2\/posts\/179619\/revisions"}],"wp:featuredmedia":[{"embeddable":true,"href":"https:\/\/zjarr.tv\/sq\/wp-json\/wp\/v2\/media\/179513"}],"wp:attachment":[{"href":"https:\/\/zjarr.tv\/sq\/wp-json\/wp\/v2\/media?parent=179619"}],"wp:term":[{"taxonomy":"category","embeddable":true,"href":"https:\/\/zjarr.tv\/sq\/wp-json\/wp\/v2\/categories?post=179619"},{"taxonomy":"post_tag","embeddable":true,"href":"https:\/\/zjarr.tv\/sq\/wp-json\/wp\/v2\/tags?post=179619"}],"curies":[{"name":"wp","href":"https:\/\/api.w.org\/{rel}","templated":true}]}}