{"id":179622,"date":"2021-04-26T14:05:51","date_gmt":"2021-04-26T12:05:51","guid":{"rendered":"https:\/\/zjarr.tv\/?p=179622"},"modified":"2021-04-26T14:05:51","modified_gmt":"2021-04-26T12:05:51","slug":"prej-mengjesit-ne-kete-komune-nuk-ka-nisur-procesi-i-numerimit","status":"publish","type":"post","link":"https:\/\/zjarr.tv\/sq\/prej-mengjesit-ne-kete-komune-nuk-ka-nisur-procesi-i-numerimit\/","title":{"rendered":"Prej m\u00ebngjesit n\u00eb k\u00ebt\u00eb komun\u00eb, nuk ka nisur procesi i num\u00ebrimit"},"content":{"rendered":"<p style=\"background: white; margin: 0in 0in 19.5pt 0in;\">N\u00eb t\u00eb gjith\u00eb vendin vijon num\u00ebrimi i votave, por nuk ka ndodhur e nj\u00ebjta gj\u00eb n\u00eb Marqinet n\u00eb Tiran\u00eb.<\/p>\n<p style=\"background: white; -webkit-tap-highlight-color: transparent !important; box-sizing: border-box; overflow-wrap: break-word; font-variant-ligatures: normal; font-variant-caps: normal; orphans: 2; widows: 2; -webkit-text-stroke-width: 0px; text-decoration-thickness: initial; text-decoration-style: initial; text-decoration-color: initial; word-spacing: 0px; margin: 0in 0in 19.5pt 0in;\">B\u00ebhet me dije se n\u00eb Marqinet q\u00eb n\u00eb or\u00ebn 08:00 \u00ebsht\u00eb pezulluar numurimi dhe ende nuk ka filluar. M\u00ebsohet se shkak \u00ebsht\u00eb b\u00ebr\u00eb se komisioner\u00ebt nuk jan\u00eb paraqitur n\u00eb KZAZ nr.39.<\/p>\n<p style=\"background: white; -webkit-tap-highlight-color: transparent !important; box-sizing: border-box; overflow-wrap: break-word; font-variant-ligatures: normal; font-variant-caps: normal; orphans: 2; widows: 2; -webkit-text-stroke-width: 0px; text-decoration-thickness: initial; text-decoration-style: initial; text-decoration-color: initial; word-spacing: 0px; margin: 0in 0in 19.5pt 0in;\">Burime p\u00ebr media raportojn\u00eb se porcesi i num\u00ebrimit do t\u00eb fillojn\u00eb se shpejti.<\/p>\n","protected":false},"excerpt":{"rendered":"<p>N\u00eb t\u00eb gjith\u00eb vendin vijon num\u00ebrimi i votave, por nuk ka ndodhur e nj\u00ebjta gj\u00eb n\u00eb Marqinet n\u00eb Tiran\u00eb. B\u00ebhet me dije se n\u00eb Marqinet q\u00eb n\u00eb or\u00ebn 08:00 \u00ebsht\u00eb pezulluar numurimi dhe ende nuk ka filluar. M\u00ebsohet se shkak \u00ebsht\u00eb b\u00ebr\u00eb se komisioner\u00ebt nuk jan\u00eb paraqitur n\u00eb KZAZ nr.39. Burime p\u00ebr media raportojn\u00eb se [&hellip;]<\/p>\n","protected":false},"author":2030,"featured_media":179623,"comment_status":"closed","ping_status":"closed","sticky":false,"template":"","format":"standard","meta":{"footnotes":""},"categories":[241,1454],"tags":[],"class_list":{"0":"post-179622","1":"post","2":"type-post","3":"status-publish","4":"format-standard","5":"has-post-thumbnail","7":"category-aktualitet","8":"category-politike"},"_links":{"self":[{"href":"https:\/\/zjarr.tv\/sq\/wp-json\/wp\/v2\/posts\/179622","targetHints":{"allow":["GET"]}}],"collection":[{"href":"https:\/\/zjarr.tv\/sq\/wp-json\/wp\/v2\/posts"}],"about":[{"href":"https:\/\/zjarr.tv\/sq\/wp-json\/wp\/v2\/types\/post"}],"author":[{"embeddable":true,"href":"https:\/\/zjarr.tv\/sq\/wp-json\/wp\/v2\/users\/2030"}],"replies":[{"embeddable":true,"href":"https:\/\/zjarr.tv\/sq\/wp-json\/wp\/v2\/comments?post=179622"}],"version-history":[{"count":0,"href":"https:\/\/zjarr.tv\/sq\/wp-json\/wp\/v2\/posts\/179622\/revisions"}],"wp:featuredmedia":[{"embeddable":true,"href":"https:\/\/zjarr.tv\/sq\/wp-json\/wp\/v2\/media\/179623"}],"wp:attachment":[{"href":"https:\/\/zjarr.tv\/sq\/wp-json\/wp\/v2\/media?parent=179622"}],"wp:term":[{"taxonomy":"category","embeddable":true,"href":"https:\/\/zjarr.tv\/sq\/wp-json\/wp\/v2\/categories?post=179622"},{"taxonomy":"post_tag","embeddable":true,"href":"https:\/\/zjarr.tv\/sq\/wp-json\/wp\/v2\/tags?post=179622"}],"curies":[{"name":"wp","href":"https:\/\/api.w.org\/{rel}","templated":true}]}}