{"id":179629,"date":"2021-04-26T14:45:39","date_gmt":"2021-04-26T12:45:39","guid":{"rendered":"https:\/\/zjarr.tv\/?p=179629"},"modified":"2021-04-26T14:45:39","modified_gmt":"2021-04-26T12:45:39","slug":"zedhenesja-e-pd-kerkon-durim-nga-qytetaret-jane-hapur-kutite-qe-kane-vota-te-majta-prsni-dhe-do-shihni-sa-e-madhe-eshte-fitoja-jone","status":"publish","type":"post","link":"https:\/\/zjarr.tv\/sq\/zedhenesja-e-pd-kerkon-durim-nga-qytetaret-jane-hapur-kutite-qe-kane-vota-te-majta-prsni-dhe-do-shihni-sa-e-madhe-eshte-fitoja-jone\/","title":{"rendered":"Z\u00ebdh\u00ebn\u00ebsja e PD k\u00ebrkon durim nga qytetar\u00ebt: Jan\u00eb hapur kutit\u00eb q\u00eb kan\u00eb vota t\u00eb majta. Prsni dhe do shihni sa e madhe \u00ebsht\u00eb fitoja jon\u00eb"},"content":{"rendered":"<p>Z\u00ebdh\u00ebn\u00ebsja e PD-s\u00eb, Floriana Garo ka dal\u00eb n\u00eb nj\u00eb deklarat\u00eb p\u00ebr mediat dhe opinionin publik, n\u00eb nj\u00eb koh\u00eb kur jan\u00eb num\u00ebruar pak m\u00eb pak se gjysma e t\u00eb gjitha qendrave t\u00eb votimit n\u00eb rang vendi.<\/p>\n<p>Garo i k\u00ebrkon qytetar\u00ebve q\u00eb t\u00eb b\u00ebjn\u00eb durim e t\u00eb presin, pasi kutit\u00eb e para q\u00eb jan\u00eb hapur jan\u00eb me votat e PS, nd\u00ebrsa n\u00eb vijim ajo u shpreh se do jet\u00eb e qart\u00eb fitorja e thell\u00eb e PD-s\u00eb.<\/p>\n<p><em>\u201cN\u00eb fund t\u00eb num\u00ebrimit t\u00eb gjith\u00eb qytetar\u00ebt e Shqip\u00ebris\u00eb do t\u00eb shohin sa e madhe \u00ebsht\u00eb fitorja jon\u00eb\u201d,\u00a0<\/em>tha Garo p\u00ebr mediat.<\/p>\n<p><strong>DEKLARAT\u00cb E PD, Z\u00cbDH\u00cbN\u00cbSJA E FUSHAT\u00cbS, FLORIANA GARO<\/strong><\/p>\n<p><em>Num\u00ebrimi faktik i votave do t\u00eb ket\u00eb vet\u00ebm nj\u00eb rezultat: fitore p\u00ebr Aleanc\u00ebn p\u00ebr Ndryshim.<\/em><\/p>\n<p><em>Edhe tani, me num\u00ebrimin e qendrave t\u00eb votimit q\u00eb jan\u00eb qendra kryesore t\u00eb votimit p\u00ebr PS-n\u00eb, ne shohim se Aleanca p\u00ebr Ndryshim po sjell rritje t\u00eb jasht\u00ebzakonshme.<\/em><\/p>\n<p><em>Prandaj, kini durim! \u00c7do vot\u00eb do t\u00eb num\u00ebrohet. \u00c7do z\u00eb do t\u00eb d\u00ebgjohet. Ne do t\u00eb b\u00ebjm\u00eb gjith\u00e7ka p\u00ebr t\u00eb ruajtur past\u00ebrtin\u00eb e zgjedhjeve.<\/em><\/p>\n<p><em>Ne jemi absolutisht t\u00eb sigurt\u00eb se n\u00eb fund t\u00eb num\u00ebrimit t\u00eb gjith\u00eb qytetar\u00ebt e Shqip\u00ebris\u00eb do t\u00eb shohin sa e madhe \u00ebsht\u00eb fitorja jon\u00eb.<\/em><\/p>\n<p><em>Qytetar\u00ebt e Shqip\u00ebris\u00eb e duan ndryshimin. Qytetar\u00ebt e Shqip\u00ebris\u00eb kan\u00eb zgjedhur ndryshimin. Ne do t\u00eb fitojm\u00eb qart\u00ebsisht.<\/em><\/p>\n","protected":false},"excerpt":{"rendered":"<p>Z\u00ebdh\u00ebn\u00ebsja e PD-s\u00eb, Floriana Garo ka dal\u00eb n\u00eb nj\u00eb deklarat\u00eb p\u00ebr mediat dhe opinionin publik, n\u00eb nj\u00eb koh\u00eb kur jan\u00eb num\u00ebruar pak m\u00eb pak se gjysma e t\u00eb gjitha qendrave t\u00eb votimit n\u00eb rang vendi. Garo i k\u00ebrkon qytetar\u00ebve q\u00eb t\u00eb b\u00ebjn\u00eb durim e t\u00eb presin, pasi kutit\u00eb e para q\u00eb jan\u00eb hapur jan\u00eb me [&hellip;]<\/p>\n","protected":false},"author":2030,"featured_media":179630,"comment_status":"closed","ping_status":"closed","sticky":false,"template":"","format":"standard","meta":{"footnotes":""},"categories":[241,1454],"tags":[],"class_list":{"0":"post-179629","1":"post","2":"type-post","3":"status-publish","4":"format-standard","5":"has-post-thumbnail","7":"category-aktualitet","8":"category-politike"},"_links":{"self":[{"href":"https:\/\/zjarr.tv\/sq\/wp-json\/wp\/v2\/posts\/179629","targetHints":{"allow":["GET"]}}],"collection":[{"href":"https:\/\/zjarr.tv\/sq\/wp-json\/wp\/v2\/posts"}],"about":[{"href":"https:\/\/zjarr.tv\/sq\/wp-json\/wp\/v2\/types\/post"}],"author":[{"embeddable":true,"href":"https:\/\/zjarr.tv\/sq\/wp-json\/wp\/v2\/users\/2030"}],"replies":[{"embeddable":true,"href":"https:\/\/zjarr.tv\/sq\/wp-json\/wp\/v2\/comments?post=179629"}],"version-history":[{"count":0,"href":"https:\/\/zjarr.tv\/sq\/wp-json\/wp\/v2\/posts\/179629\/revisions"}],"wp:featuredmedia":[{"embeddable":true,"href":"https:\/\/zjarr.tv\/sq\/wp-json\/wp\/v2\/media\/179630"}],"wp:attachment":[{"href":"https:\/\/zjarr.tv\/sq\/wp-json\/wp\/v2\/media?parent=179629"}],"wp:term":[{"taxonomy":"category","embeddable":true,"href":"https:\/\/zjarr.tv\/sq\/wp-json\/wp\/v2\/categories?post=179629"},{"taxonomy":"post_tag","embeddable":true,"href":"https:\/\/zjarr.tv\/sq\/wp-json\/wp\/v2\/tags?post=179629"}],"curies":[{"name":"wp","href":"https:\/\/api.w.org\/{rel}","templated":true}]}}