{"id":179651,"date":"2021-04-26T16:34:20","date_gmt":"2021-04-26T14:34:20","guid":{"rendered":"https:\/\/zjarr.tv\/?p=179651"},"modified":"2021-04-26T16:34:20","modified_gmt":"2021-04-26T14:34:20","slug":"mark-marku-nga-lezha-pushteti-lokal-i-angazhuar-ne-shit-blerjen-e-votave","status":"publish","type":"post","link":"https:\/\/zjarr.tv\/sq\/mark-marku-nga-lezha-pushteti-lokal-i-angazhuar-ne-shit-blerjen-e-votave\/","title":{"rendered":"Mark Marku nga Lezha: Pushteti lokal, i angazhuar n\u00eb shit-blerjen e votave"},"content":{"rendered":"<p>Mark Marku, n\u00eb nj\u00eb deklarat\u00eb p\u00ebr mediat nga Lezha deklaroi se rezultati p\u00ebr Partin\u00eb Demokratike \u00ebsht\u00eb pozitiv.<\/p>\n<p>Ai gjithashtu theksoi se kjo forc\u00eb politike pothuajse kryeson n\u00eb t\u00eb gjitha qarqet, nd\u00ebrsa shtoi se pushteti lokal \u00ebsht\u00eb i angazhuar n\u00eb shit-blerjen e votave.<\/p>\n<p><em>\u201cUn\u00eb shikoj q\u00eb n\u00eb rang komb\u00ebtar ka nj\u00eb truk p\u00ebr t\u00eb mashtruar opinionin publik. Un\u00eb ju them q\u00eb ka pasur tentativa shum\u00eb t\u00eb m\u00ebdha p\u00ebr abuzime dhe shitblerje vote dhe jam i bindur q\u00eb ka qen\u00eb angazhuar gjith\u00eb pushteti lokal p\u00ebr shitblerje vote.<\/em>\u00a0Por ne fituam.<\/p>\n","protected":false},"excerpt":{"rendered":"<p>Mark Marku, n\u00eb nj\u00eb deklarat\u00eb p\u00ebr mediat nga Lezha deklaroi se rezultati p\u00ebr Partin\u00eb Demokratike \u00ebsht\u00eb pozitiv. Ai gjithashtu theksoi se kjo forc\u00eb politike pothuajse kryeson n\u00eb t\u00eb gjitha qarqet, nd\u00ebrsa shtoi se pushteti lokal \u00ebsht\u00eb i angazhuar n\u00eb shit-blerjen e votave. \u201cUn\u00eb shikoj q\u00eb n\u00eb rang komb\u00ebtar ka nj\u00eb truk p\u00ebr t\u00eb mashtruar opinionin [&hellip;]<\/p>\n","protected":false},"author":2030,"featured_media":179652,"comment_status":"closed","ping_status":"closed","sticky":false,"template":"","format":"standard","meta":{"footnotes":""},"categories":[241,1454],"tags":[],"class_list":{"0":"post-179651","1":"post","2":"type-post","3":"status-publish","4":"format-standard","5":"has-post-thumbnail","7":"category-aktualitet","8":"category-politike"},"_links":{"self":[{"href":"https:\/\/zjarr.tv\/sq\/wp-json\/wp\/v2\/posts\/179651","targetHints":{"allow":["GET"]}}],"collection":[{"href":"https:\/\/zjarr.tv\/sq\/wp-json\/wp\/v2\/posts"}],"about":[{"href":"https:\/\/zjarr.tv\/sq\/wp-json\/wp\/v2\/types\/post"}],"author":[{"embeddable":true,"href":"https:\/\/zjarr.tv\/sq\/wp-json\/wp\/v2\/users\/2030"}],"replies":[{"embeddable":true,"href":"https:\/\/zjarr.tv\/sq\/wp-json\/wp\/v2\/comments?post=179651"}],"version-history":[{"count":0,"href":"https:\/\/zjarr.tv\/sq\/wp-json\/wp\/v2\/posts\/179651\/revisions"}],"wp:featuredmedia":[{"embeddable":true,"href":"https:\/\/zjarr.tv\/sq\/wp-json\/wp\/v2\/media\/179652"}],"wp:attachment":[{"href":"https:\/\/zjarr.tv\/sq\/wp-json\/wp\/v2\/media?parent=179651"}],"wp:term":[{"taxonomy":"category","embeddable":true,"href":"https:\/\/zjarr.tv\/sq\/wp-json\/wp\/v2\/categories?post=179651"},{"taxonomy":"post_tag","embeddable":true,"href":"https:\/\/zjarr.tv\/sq\/wp-json\/wp\/v2\/tags?post=179651"}],"curies":[{"name":"wp","href":"https:\/\/api.w.org\/{rel}","templated":true}]}}