{"id":179714,"date":"2021-04-26T19:12:42","date_gmt":"2021-04-26T17:12:42","guid":{"rendered":"https:\/\/zjarr.tv\/?p=179714"},"modified":"2021-04-26T19:12:42","modified_gmt":"2021-04-26T17:12:42","slug":"ndryshimi-do-te-vije-paloka-ne-durres-prisni-bastionet-e-pd-se-sjane-numeruar","status":"publish","type":"post","link":"https:\/\/zjarr.tv\/sq\/ndryshimi-do-te-vije-paloka-ne-durres-prisni-bastionet-e-pd-se-sjane-numeruar\/","title":{"rendered":"\u201cNdryshimi do t\u00eb vij\u00eb\u201d, Paloka n\u00eb Durr\u00ebs: Prisni, bastionet e PD-s\u00eb s\u2019jan\u00eb num\u00ebruar"},"content":{"rendered":"<p>Drejtuesi politik i Partis\u00eb Demokratike n\u00eb Durr\u00ebs, Edi Paloka n\u00ebp\u00ebrmjet nj\u00eb komunikimi p\u00ebr mediat deklaroi se shqiptar\u00ebt votuan ndryshimin.<\/p>\n<p>Ai gjithashtu theksoi se rezultati do t\u00eb shihet kur t\u00eb num\u00ebrohen bastionet e djathta, t\u00eb cilat sipas tij nuk kan\u00eb filluar ende.<\/p>\n<p>\u201cTani po i del boja, ishte strategji e Ram\u00ebs p\u00ebr t\u00eb nxjerr\u00eb qendrat e votimit q\u00eb jan\u00eb bastionet e PS. Bastionet e PD s\u2019jan\u00eb num\u00ebruar.<\/p>\n<p>Prisni, ajo q\u00eb kemi th\u00ebn\u00eb, do t\u00eb dal\u00eb. Qytetar\u00ebt shqiptar\u00eb kan\u00eb votuar p\u00ebr ndryshimin, ndryshimi do t\u00eb vij\u00eb. N\u00eb 2017 nuk pati asgj\u00eb n\u00eb Maminas, ne presim ndryshim t\u00eb thell\u00eb n\u00eb Durr\u00ebs dhe n\u00eb t\u00eb gjith\u00eb Shqip\u00ebrin\u00eb\u201d, tha Paloka.<\/p>\n","protected":false},"excerpt":{"rendered":"<p>Drejtuesi politik i Partis\u00eb Demokratike n\u00eb Durr\u00ebs, Edi Paloka n\u00ebp\u00ebrmjet nj\u00eb komunikimi p\u00ebr mediat deklaroi se shqiptar\u00ebt votuan ndryshimin. Ai gjithashtu theksoi se rezultati do t\u00eb shihet kur t\u00eb num\u00ebrohen bastionet e djathta, t\u00eb cilat sipas tij nuk kan\u00eb filluar ende. \u201cTani po i del boja, ishte strategji e Ram\u00ebs p\u00ebr t\u00eb nxjerr\u00eb qendrat e [&hellip;]<\/p>\n","protected":false},"author":2031,"featured_media":179715,"comment_status":"closed","ping_status":"closed","sticky":false,"template":"","format":"standard","meta":{"footnotes":""},"categories":[241,231,1454],"tags":[],"class_list":{"0":"post-179714","1":"post","2":"type-post","3":"status-publish","4":"format-standard","5":"has-post-thumbnail","7":"category-aktualitet","8":"category-lajme","9":"category-politike"},"_links":{"self":[{"href":"https:\/\/zjarr.tv\/sq\/wp-json\/wp\/v2\/posts\/179714","targetHints":{"allow":["GET"]}}],"collection":[{"href":"https:\/\/zjarr.tv\/sq\/wp-json\/wp\/v2\/posts"}],"about":[{"href":"https:\/\/zjarr.tv\/sq\/wp-json\/wp\/v2\/types\/post"}],"author":[{"embeddable":true,"href":"https:\/\/zjarr.tv\/sq\/wp-json\/wp\/v2\/users\/2031"}],"replies":[{"embeddable":true,"href":"https:\/\/zjarr.tv\/sq\/wp-json\/wp\/v2\/comments?post=179714"}],"version-history":[{"count":0,"href":"https:\/\/zjarr.tv\/sq\/wp-json\/wp\/v2\/posts\/179714\/revisions"}],"wp:featuredmedia":[{"embeddable":true,"href":"https:\/\/zjarr.tv\/sq\/wp-json\/wp\/v2\/media\/179715"}],"wp:attachment":[{"href":"https:\/\/zjarr.tv\/sq\/wp-json\/wp\/v2\/media?parent=179714"}],"wp:term":[{"taxonomy":"category","embeddable":true,"href":"https:\/\/zjarr.tv\/sq\/wp-json\/wp\/v2\/categories?post=179714"},{"taxonomy":"post_tag","embeddable":true,"href":"https:\/\/zjarr.tv\/sq\/wp-json\/wp\/v2\/tags?post=179714"}],"curies":[{"name":"wp","href":"https:\/\/api.w.org\/{rel}","templated":true}]}}