{"id":179723,"date":"2021-04-26T19:18:55","date_gmt":"2021-04-26T17:18:55","guid":{"rendered":"https:\/\/zjarr.tv\/?p=179723"},"modified":"2021-04-26T19:18:55","modified_gmt":"2021-04-26T17:18:55","slug":"celibashi-po-verifikojme-pas-denoncimeve-te-kandidateve-per-parregullsi","status":"publish","type":"post","link":"https:\/\/zjarr.tv\/sq\/celibashi-po-verifikojme-pas-denoncimeve-te-kandidateve-per-parregullsi\/","title":{"rendered":"Celibashi: Po verifikojm\u00eb pas denoncimeve t\u00eb kandidat\u00ebve p\u00ebr parregullsi"},"content":{"rendered":"<p>\u201cVazhdojm\u00eb t\u00eb kemi problem n\u00eb sjelljen e an\u00ebtar\u00ebve t\u00eb KZAZ dhe administrimin e k\u00ebtij procesi. KQZ ka reaguar dhe ajo q\u00eb vlen t\u00eb theksohet \u00ebsht\u00eb se situate ka ndryshuar.<\/p>\n<p>Numri i k\u00ebrkesave p\u00ebr ta aksesuar faqen \u00ebsht\u00eb shum\u00eb i madhe p\u00ebr shkak se \u00ebsht\u00eb nj\u00eb num\u00ebr i madh k\u00ebrkesash. Sot misioni nd\u00ebrkomb\u00ebtar i v\u00ebzhgimit doli me raportin paraprak.<\/p>\n<p>Ne i gjejm\u00eb gjetjet realiste. Shum\u00eb prej atyre jan\u00eb aspekte q\u00eb kan\u00eb t\u00eb nj\u00ebjtin opinion me ne. Kemi pasur disa raportime nga disa kandidat\u00eb p\u00ebr deputet\u00eb n\u00eb lidhje me disa parregullsi t\u00eb v\u00ebrejtura nga disa KZAZ t\u00eb Tiran\u00ebs.<\/p>\n<p>Edhe nga kandidati i pavarur Bojken Abazi. Jemi duke ndjekur k\u00ebt\u00eb situat\u00eb dhe do t\u00eb marrim vendimet e duhura.<\/p>\n<p>Vler\u00ebsimin e situat\u00ebs p\u00ebr flet\u00ebt e votimit \u00ebsht\u00eb her\u00ebt p\u00ebr ta b\u00ebr\u00eb. \u00c7do flet\u00eb votimi q\u00eb \u00ebsht\u00eb e pavlefshme nuk \u00ebsht\u00eb gj\u00eb e mir\u00eb. Nga verifikimet q\u00eb ka b\u00ebr\u00eb KQZ, nuk rezulton q\u00eb num\u00ebrimi I flet\u00ebve t\u00eb votimit t\u00eb jet\u00eb b\u00ebr\u00eb n\u00eb m\u00ebnyr\u00eb preferenciale.<\/p>\n<p>Ka qen\u00eb radha e p\u00ebrcaktuar.\u00a0 Lodhja fizike ka b\u00ebr\u00eb t\u00eb vet\u00ebn. Ka pasur ngadal\u00ebsi n\u00eb proces. Nuk dihet n\u00ebse kjo ka ardhur p\u00ebr shkak t\u00eb ndikimit nga jasht\u00eb k\u00ebt\u00eb nuk e them dot\u201d, u shpreh Celibashi.<\/p>\n<p>&nbsp;<\/p>\n","protected":false},"excerpt":{"rendered":"<p>\u201cVazhdojm\u00eb t\u00eb kemi problem n\u00eb sjelljen e an\u00ebtar\u00ebve t\u00eb KZAZ dhe administrimin e k\u00ebtij procesi. KQZ ka reaguar dhe ajo q\u00eb vlen t\u00eb theksohet \u00ebsht\u00eb se situate ka ndryshuar. Numri i k\u00ebrkesave p\u00ebr ta aksesuar faqen \u00ebsht\u00eb shum\u00eb i madhe p\u00ebr shkak se \u00ebsht\u00eb nj\u00eb num\u00ebr i madh k\u00ebrkesash. Sot misioni nd\u00ebrkomb\u00ebtar i v\u00ebzhgimit doli [&hellip;]<\/p>\n","protected":false},"author":2031,"featured_media":158386,"comment_status":"closed","ping_status":"closed","sticky":false,"template":"","format":"standard","meta":{"footnotes":""},"categories":[241,231,235],"tags":[2678,312,2679,329],"class_list":{"0":"post-179723","1":"post","2":"type-post","3":"status-publish","4":"format-standard","5":"has-post-thumbnail","7":"category-aktualitet","8":"category-lajme","9":"category-vendi","10":"tag-celibashi","11":"tag-lajme","12":"tag-parregullsi","13":"tag-zjarr-tv"},"_links":{"self":[{"href":"https:\/\/zjarr.tv\/sq\/wp-json\/wp\/v2\/posts\/179723","targetHints":{"allow":["GET"]}}],"collection":[{"href":"https:\/\/zjarr.tv\/sq\/wp-json\/wp\/v2\/posts"}],"about":[{"href":"https:\/\/zjarr.tv\/sq\/wp-json\/wp\/v2\/types\/post"}],"author":[{"embeddable":true,"href":"https:\/\/zjarr.tv\/sq\/wp-json\/wp\/v2\/users\/2031"}],"replies":[{"embeddable":true,"href":"https:\/\/zjarr.tv\/sq\/wp-json\/wp\/v2\/comments?post=179723"}],"version-history":[{"count":0,"href":"https:\/\/zjarr.tv\/sq\/wp-json\/wp\/v2\/posts\/179723\/revisions"}],"wp:featuredmedia":[{"embeddable":true,"href":"https:\/\/zjarr.tv\/sq\/wp-json\/wp\/v2\/media\/158386"}],"wp:attachment":[{"href":"https:\/\/zjarr.tv\/sq\/wp-json\/wp\/v2\/media?parent=179723"}],"wp:term":[{"taxonomy":"category","embeddable":true,"href":"https:\/\/zjarr.tv\/sq\/wp-json\/wp\/v2\/categories?post=179723"},{"taxonomy":"post_tag","embeddable":true,"href":"https:\/\/zjarr.tv\/sq\/wp-json\/wp\/v2\/tags?post=179723"}],"curies":[{"name":"wp","href":"https:\/\/api.w.org\/{rel}","templated":true}]}}