{"id":179727,"date":"2021-04-26T19:35:13","date_gmt":"2021-04-26T17:35:13","guid":{"rendered":"https:\/\/zjarr.tv\/?p=179727"},"modified":"2021-04-26T19:35:13","modified_gmt":"2021-04-26T17:35:13","slug":"la-pas-edhe-berishen-sa-vota-mori-dashamir-shehi-ne-njesine-nr-10","status":"publish","type":"post","link":"https:\/\/zjarr.tv\/sq\/la-pas-edhe-berishen-sa-vota-mori-dashamir-shehi-ne-njesine-nr-10\/","title":{"rendered":"La pas edhe Berish\u00ebn, sa vota mori Dashamir Shehi n\u00eb nj\u00ebsin\u00eb nr.10"},"content":{"rendered":"<p>N\u00eb nj\u00ebsin\u00eb nr.10 n\u00eb Tiran\u00eb kan\u00eb votuar n\u00eb total 12096 votues , por nga k\u00ebta 120 vota kan\u00eb ent \u00eb pavlefshme. Kjo nj\u00eb si \u00ebsht\u00eb mbizot\u00ebruar nga Partia Socialiste e ndjekur m\u00eb pas nga Partia Demokratiket dhe Aleanca p\u00ebr Ndryshim.<\/p>\n<p>Nj\u00eb nga kandidat\u00ebt m\u00eb t\u00eb votuar n\u00eb k\u00ebt\u00eb nj\u00ebsi, ishte edhe Dashamir Shehi, i cili ka arritur q\u00eb t\u00eb mbledh\u00eb 355 vota. Nd\u00ebrkoh\u00eb vihet re sa Shehi ka marr\u00eb m\u00eb shum\u00eb vota sesa ish kryeministri Sali Berisha, ku ky i fundit ka marr\u00eb 238 vota.<\/p>\n","protected":false},"excerpt":{"rendered":"<p>N\u00eb nj\u00ebsin\u00eb nr.10 n\u00eb Tiran\u00eb kan\u00eb votuar n\u00eb total 12096 votues , por nga k\u00ebta 120 vota kan\u00eb ent \u00eb pavlefshme. Kjo nj\u00eb si \u00ebsht\u00eb mbizot\u00ebruar nga Partia Socialiste e ndjekur m\u00eb pas nga Partia Demokratiket dhe Aleanca p\u00ebr Ndryshim. Nj\u00eb nga kandidat\u00ebt m\u00eb t\u00eb votuar n\u00eb k\u00ebt\u00eb nj\u00ebsi, ishte edhe Dashamir Shehi, i cili [&hellip;]<\/p>\n","protected":false},"author":2031,"featured_media":169321,"comment_status":"closed","ping_status":"closed","sticky":false,"template":"","format":"standard","meta":{"footnotes":""},"categories":[231,235],"tags":[],"class_list":{"0":"post-179727","1":"post","2":"type-post","3":"status-publish","4":"format-standard","5":"has-post-thumbnail","7":"category-lajme","8":"category-vendi"},"_links":{"self":[{"href":"https:\/\/zjarr.tv\/sq\/wp-json\/wp\/v2\/posts\/179727","targetHints":{"allow":["GET"]}}],"collection":[{"href":"https:\/\/zjarr.tv\/sq\/wp-json\/wp\/v2\/posts"}],"about":[{"href":"https:\/\/zjarr.tv\/sq\/wp-json\/wp\/v2\/types\/post"}],"author":[{"embeddable":true,"href":"https:\/\/zjarr.tv\/sq\/wp-json\/wp\/v2\/users\/2031"}],"replies":[{"embeddable":true,"href":"https:\/\/zjarr.tv\/sq\/wp-json\/wp\/v2\/comments?post=179727"}],"version-history":[{"count":0,"href":"https:\/\/zjarr.tv\/sq\/wp-json\/wp\/v2\/posts\/179727\/revisions"}],"wp:featuredmedia":[{"embeddable":true,"href":"https:\/\/zjarr.tv\/sq\/wp-json\/wp\/v2\/media\/169321"}],"wp:attachment":[{"href":"https:\/\/zjarr.tv\/sq\/wp-json\/wp\/v2\/media?parent=179727"}],"wp:term":[{"taxonomy":"category","embeddable":true,"href":"https:\/\/zjarr.tv\/sq\/wp-json\/wp\/v2\/categories?post=179727"},{"taxonomy":"post_tag","embeddable":true,"href":"https:\/\/zjarr.tv\/sq\/wp-json\/wp\/v2\/tags?post=179727"}],"curies":[{"name":"wp","href":"https:\/\/api.w.org\/{rel}","templated":true}]}}