{"id":179753,"date":"2021-04-26T20:52:12","date_gmt":"2021-04-26T18:52:12","guid":{"rendered":"https:\/\/zjarr.tv\/?p=179753"},"modified":"2021-04-26T20:52:12","modified_gmt":"2021-04-26T18:52:12","slug":"artan-hoxha-e-nisi-diten-me-77-mandate-po-e-mbyll-me-73-cfare-ndodh-me-patronazhistet","status":"publish","type":"post","link":"https:\/\/zjarr.tv\/sq\/artan-hoxha-e-nisi-diten-me-77-mandate-po-e-mbyll-me-73-cfare-ndodh-me-patronazhistet\/","title":{"rendered":"Artan Hoxha: E nisi dit\u00ebn me 77 mandate, po e mbyll me 73. \u00c7far\u00eb ndodh me patronazhist\u00ebt"},"content":{"rendered":"<p>Gazetari Artan Hoxha ka ironizuar rezultatin e deritanish\u00ebm t\u00eb zgjedhjeve i cili p\u00ebrgjat\u00eb or\u00ebsve t\u00eb pasdites ka p\u00ebsuar nj\u00eb kthes\u00eb t\u00eb madhe.<\/p>\n<p>Artan Hoxha thot\u00eb se PS e nisi dit\u00ebn me 77 mandate dhe darka e gjeti me 73 mandate nd\u00ebrsa shton se sa m\u00eb shum\u00eb bien mandatet, aq m\u00eb shum\u00eb shtohen patronazhist\u00ebt.<\/p>\n<p>\u201cUdheheqesi e nisi diten me 77 mandate, por darka e gjeti me 73 mandate\u2026<\/p>\n<p>Sa me shume bien mandatet nga projektimi elektoral, aq me shume shtohen \u201cpatronazhistet\u201d rrotull \u201cXhamllikut\u201d, shkruan Artan Hoxha.<\/p>\n","protected":false},"excerpt":{"rendered":"<p>Gazetari Artan Hoxha ka ironizuar rezultatin e deritanish\u00ebm t\u00eb zgjedhjeve i cili p\u00ebrgjat\u00eb or\u00ebsve t\u00eb pasdites ka p\u00ebsuar nj\u00eb kthes\u00eb t\u00eb madhe. Artan Hoxha thot\u00eb se PS e nisi dit\u00ebn me 77 mandate dhe darka e gjeti me 73 mandate nd\u00ebrsa shton se sa m\u00eb shum\u00eb bien mandatet, aq m\u00eb shum\u00eb shtohen patronazhist\u00ebt. \u201cUdheheqesi e [&hellip;]<\/p>\n","protected":false},"author":2031,"featured_media":168342,"comment_status":"closed","ping_status":"closed","sticky":false,"template":"","format":"standard","meta":{"footnotes":""},"categories":[231,235],"tags":[2579,312,329],"class_list":{"0":"post-179753","1":"post","2":"type-post","3":"status-publish","4":"format-standard","5":"has-post-thumbnail","7":"category-lajme","8":"category-vendi","9":"tag-artan-hoxha","10":"tag-lajme","11":"tag-zjarr-tv"},"_links":{"self":[{"href":"https:\/\/zjarr.tv\/sq\/wp-json\/wp\/v2\/posts\/179753","targetHints":{"allow":["GET"]}}],"collection":[{"href":"https:\/\/zjarr.tv\/sq\/wp-json\/wp\/v2\/posts"}],"about":[{"href":"https:\/\/zjarr.tv\/sq\/wp-json\/wp\/v2\/types\/post"}],"author":[{"embeddable":true,"href":"https:\/\/zjarr.tv\/sq\/wp-json\/wp\/v2\/users\/2031"}],"replies":[{"embeddable":true,"href":"https:\/\/zjarr.tv\/sq\/wp-json\/wp\/v2\/comments?post=179753"}],"version-history":[{"count":0,"href":"https:\/\/zjarr.tv\/sq\/wp-json\/wp\/v2\/posts\/179753\/revisions"}],"wp:featuredmedia":[{"embeddable":true,"href":"https:\/\/zjarr.tv\/sq\/wp-json\/wp\/v2\/media\/168342"}],"wp:attachment":[{"href":"https:\/\/zjarr.tv\/sq\/wp-json\/wp\/v2\/media?parent=179753"}],"wp:term":[{"taxonomy":"category","embeddable":true,"href":"https:\/\/zjarr.tv\/sq\/wp-json\/wp\/v2\/categories?post=179753"},{"taxonomy":"post_tag","embeddable":true,"href":"https:\/\/zjarr.tv\/sq\/wp-json\/wp\/v2\/tags?post=179753"}],"curies":[{"name":"wp","href":"https:\/\/api.w.org\/{rel}","templated":true}]}}