{"id":179791,"date":"2021-04-27T07:41:27","date_gmt":"2021-04-27T05:41:27","guid":{"rendered":"https:\/\/zjarr.tv\/?p=179791"},"modified":"2021-04-27T07:41:27","modified_gmt":"2021-04-27T05:41:27","slug":"perfundon-procesi-i-numerimit-pd-merr-vaun-e-dejes","status":"publish","type":"post","link":"https:\/\/zjarr.tv\/sq\/perfundon-procesi-i-numerimit-pd-merr-vaun-e-dejes\/","title":{"rendered":"P\u00ebrfundon procesi i num\u00ebrimit, PD merr Vaun e Dej\u00ebs\u2026"},"content":{"rendered":"<p>Ka p\u00ebrfunduar procesi i num\u00ebrimit t\u00eb votave n\u00eb Bashkin\u00eb e Vaut t\u00eb Dej\u00ebs. Nga t\u00eb gjitha kutit\u00eb e num\u00ebruara, forc\u00eb e par\u00eb rezulton Partia Demokratike me 6376 vota, ndjekur m\u00eb pas nga Partia Socialdemokrate me 4097.<\/p>\n<p>PS-ja \u00ebsht\u00eb renditur n\u00eb vendin e tret\u00eb me 3728 vota nd\u00ebrsa LSI ka arritur t\u00eb marr\u00eb vet\u00ebm 993 vota. P\u00ebrsa i p\u00ebrket Qarkut t\u00eb Shkodr\u00ebs n\u00eb Fush\u00eb-Arr\u00ebz kryesoi PD-ja, me 1632 vota nga 1379 votat e PS-s\u00eb.<\/p>\n<p>PD triumfoi dhe n\u00eb Mal\u00ebsin\u00eb e Madhe, me 7090 vota nd\u00ebrsa PS siguroi 6521 vota. N\u00eb Puk\u00eb PS-ja siguroi m\u00eb shum\u00eb vota, 2820 nd\u00ebrsa PD 2214 vota.<\/p>\n<p>&nbsp;<\/p>\n","protected":false},"excerpt":{"rendered":"<p>Ka p\u00ebrfunduar procesi i num\u00ebrimit t\u00eb votave n\u00eb Bashkin\u00eb e Vaut t\u00eb Dej\u00ebs. Nga t\u00eb gjitha kutit\u00eb e num\u00ebruara, forc\u00eb e par\u00eb rezulton Partia Demokratike me 6376 vota, ndjekur m\u00eb pas nga Partia Socialdemokrate me 4097. PS-ja \u00ebsht\u00eb renditur n\u00eb vendin e tret\u00eb me 3728 vota nd\u00ebrsa LSI ka arritur t\u00eb marr\u00eb vet\u00ebm 993 vota. [&hellip;]<\/p>\n","protected":false},"author":2016,"featured_media":179793,"comment_status":"closed","ping_status":"closed","sticky":false,"template":"","format":"standard","meta":{"footnotes":""},"categories":[241,1454],"tags":[2684],"class_list":{"0":"post-179791","1":"post","2":"type-post","3":"status-publish","4":"format-standard","5":"has-post-thumbnail","7":"category-aktualitet","8":"category-politike","9":"tag-lajme-zjarr-pd-merr-vaun-e-dejes-zjarr-tv"},"_links":{"self":[{"href":"https:\/\/zjarr.tv\/sq\/wp-json\/wp\/v2\/posts\/179791","targetHints":{"allow":["GET"]}}],"collection":[{"href":"https:\/\/zjarr.tv\/sq\/wp-json\/wp\/v2\/posts"}],"about":[{"href":"https:\/\/zjarr.tv\/sq\/wp-json\/wp\/v2\/types\/post"}],"author":[{"embeddable":true,"href":"https:\/\/zjarr.tv\/sq\/wp-json\/wp\/v2\/users\/2016"}],"replies":[{"embeddable":true,"href":"https:\/\/zjarr.tv\/sq\/wp-json\/wp\/v2\/comments?post=179791"}],"version-history":[{"count":0,"href":"https:\/\/zjarr.tv\/sq\/wp-json\/wp\/v2\/posts\/179791\/revisions"}],"wp:featuredmedia":[{"embeddable":true,"href":"https:\/\/zjarr.tv\/sq\/wp-json\/wp\/v2\/media\/179793"}],"wp:attachment":[{"href":"https:\/\/zjarr.tv\/sq\/wp-json\/wp\/v2\/media?parent=179791"}],"wp:term":[{"taxonomy":"category","embeddable":true,"href":"https:\/\/zjarr.tv\/sq\/wp-json\/wp\/v2\/categories?post=179791"},{"taxonomy":"post_tag","embeddable":true,"href":"https:\/\/zjarr.tv\/sq\/wp-json\/wp\/v2\/tags?post=179791"}],"curies":[{"name":"wp","href":"https:\/\/api.w.org\/{rel}","templated":true}]}}