{"id":179828,"date":"2021-04-27T09:19:02","date_gmt":"2021-04-27T07:19:02","guid":{"rendered":"https:\/\/zjarr.tv\/?p=179828"},"modified":"2021-04-27T09:19:02","modified_gmt":"2021-04-27T07:19:02","slug":"numerohen-90-e-kutive-te-votimit-ps-bie-rritet-pd-ne-disa-zona","status":"publish","type":"post","link":"https:\/\/zjarr.tv\/sq\/numerohen-90-e-kutive-te-votimit-ps-bie-rritet-pd-ne-disa-zona\/","title":{"rendered":"Num\u00ebrohen 90% e kutive t\u00eb votimit\/ PS bie, rritet PD n\u00eb disa zona\u2026"},"content":{"rendered":"<p>M\u00ebngjesi i sot\u00ebm, ka nisur me nj\u00eb ndryshim sa u p\u00ebrket mandateve t\u00eb siguruar nga Partia Socialiste, n\u00eb zgjedhjet e 25 Prillit t\u00eb 2021 n\u00eb rang qarqesh. Sipas t\u00eb dh\u00ebnave t\u00eb KQZ-s\u00eb deri m\u00eb tani jan\u00eb num\u00ebruar rreth 90% e votave n\u00eb rang komb\u00ebtare dhe Partia Socialiste ndodhet n\u00eb nivelin e 73 mandateve nd\u00ebrsa Partia Demokratike 59 mandate.<\/p>\n<p>Gazetarja Esiona Konomi raporton p\u00ebr ABC se PS kryeson n\u00eb 8 qarqe t\u00eb vendit, kryesisht n\u00eb jug dhe Shqip\u00ebrin\u00eb e mesme, nd\u00ebrsa demokrat\u00ebt kryesojn\u00eb bastionin e veriut n\u00eb Shkod\u00ebr, Lezh\u00eb, Kuk\u00ebs dhe n\u00eb Dib\u00ebr.<\/p>\n<p><strong>N\u00eb Shkod\u00ebr<\/strong>\u00a0vijon num\u00ebrimi i kutive t\u00eb fundit dhe deri m\u00eb tani Partia Demokratike ka siguruar 5 mandate, 3 PS, 1 LSI dhe 1 Tom Doshi.<\/p>\n<p><strong> N\u00eb Kuk\u00ebs,<\/strong>\u00a0beteja \u00ebsht\u00eb mbyllur, ku PD ka triumfuar me 2 mandate p\u00ebrball\u00eb 1 mandati t\u00eb PS.<\/p>\n<p><strong>N\u00eb Dib\u00ebr<\/strong>\u00a0\u00ebsht\u00eb mbyll num\u00ebrimi dhe n\u00eb mandate ndahet 3 p\u00ebr PD dhe 2 p\u00ebr PS.<\/p>\n<p><strong>N\u00eb Lezh\u00eb<\/strong>, PD mban kreun me 4 mandate, PS ka 3 mandate nd\u00ebrsa partit\u00eb e tjera nuk kan\u00eb asnj\u00eb deputet.<\/p>\n<p><strong>N\u00eb Durr\u00ebs<\/strong>\u00a0\u00ebsht\u00eb nj\u00eb gar\u00eb e nxeht\u00eb ku PS ka r\u00ebn\u00eb n\u00eb 7 mandate duke rrezikuar dhe kryesocialistin q\u00eb \u00ebsht\u00eb i 8 n\u00eb list\u00eb. 6 mandate ka siguruar PD dhe nj\u00eb mandat deri m\u00eb tani LSI.<\/p>\n<p><strong>N\u00eb Tiran\u00eb<\/strong>\u00a0gjithashtu \u00ebsht\u00eb nj\u00eb tjet\u00ebr qark q\u00eb ka sjell\u00eb r\u00ebnie t\u00eb numrit t\u00eb mandateve t\u00eb PS n\u00eb 18 mandate, PD ka 15 mandate, LSI 2 mandate nd\u00ebrsa PSD 1 mandat.<\/p>\n<p><strong>N\u00eb Fier<\/strong>\u00a0PS kryeson deri tani me 9 mandate, PD ka 6 mandate nd\u00ebrsa LSI nj\u00eb mandat, nd\u00ebrkoh\u00eb p\u00ebrsa i p\u00ebrket renditjes n\u00eb list\u00eb t\u00eb Gramoz Ru\u00e7it i cili ishte i 10, automatikisht zbret i 9 pasi vendi kat\u00ebr ka qen\u00eb bosh p\u00ebr shkak se i ndjeri Bashkim Fino u nda pak jav\u00eb m\u00eb par\u00eb nga jeta.<\/p>\n<p><strong>\u00a0N\u00eb Vlor\u00eb<\/strong>\u00a0ka sjell\u00eb dyfish t\u00eb ep\u00ebrsi t\u00eb socialist\u00ebve me 8 mandate, nd\u00ebrsa PD ka kat\u00ebr mandate, LSI asnj\u00eb mandat.<\/p>\n<p><strong>N\u00eb Gjirokast\u00ebr<\/strong>\u00a0socialist\u00ebt kryesojn\u00eb me 3 mandate, 1 mandat PD nd\u00ebrsa partit\u00eb e tjera nuk kan\u00eb asnj\u00eb mandat.<\/p>\n<p><strong>N\u00eb Kor\u00e7\u00eb<\/strong>\u00a0akoma nuk \u00ebsht\u00eb mbyllur procesi i votimit por deri m\u00eb tani kryesojn\u00eb socialist\u00ebt me 6 mandate dhe me 5 PD.<\/p>\n<p><strong>N\u00eb Elbasan<\/strong>\u00a0socialist\u00ebt me 8 mandate, PD ka 5 mandate, nd\u00ebrsa partit\u00eb tjera nuk kan\u00eb marr\u00eb asnj\u00eb mandat.<\/p>\n<p>&nbsp;<\/p>\n","protected":false},"excerpt":{"rendered":"<p>M\u00ebngjesi i sot\u00ebm, ka nisur me nj\u00eb ndryshim sa u p\u00ebrket mandateve t\u00eb siguruar nga Partia Socialiste, n\u00eb zgjedhjet e 25 Prillit t\u00eb 2021 n\u00eb rang qarqesh. Sipas t\u00eb dh\u00ebnave t\u00eb KQZ-s\u00eb deri m\u00eb tani jan\u00eb num\u00ebruar rreth 90% e votave n\u00eb rang komb\u00ebtare dhe Partia Socialiste ndodhet n\u00eb nivelin e 73 mandateve nd\u00ebrsa Partia [&hellip;]<\/p>\n","protected":false},"author":2016,"featured_media":179830,"comment_status":"closed","ping_status":"closed","sticky":false,"template":"","format":"standard","meta":{"footnotes":""},"categories":[241],"tags":[2694],"class_list":{"0":"post-179828","1":"post","2":"type-post","3":"status-publish","4":"format-standard","5":"has-post-thumbnail","7":"category-aktualitet","8":"tag-lajme-zjarr-ps-bie-rritet-pd-ne-disa-zona-zjarr-tv"},"_links":{"self":[{"href":"https:\/\/zjarr.tv\/sq\/wp-json\/wp\/v2\/posts\/179828","targetHints":{"allow":["GET"]}}],"collection":[{"href":"https:\/\/zjarr.tv\/sq\/wp-json\/wp\/v2\/posts"}],"about":[{"href":"https:\/\/zjarr.tv\/sq\/wp-json\/wp\/v2\/types\/post"}],"author":[{"embeddable":true,"href":"https:\/\/zjarr.tv\/sq\/wp-json\/wp\/v2\/users\/2016"}],"replies":[{"embeddable":true,"href":"https:\/\/zjarr.tv\/sq\/wp-json\/wp\/v2\/comments?post=179828"}],"version-history":[{"count":0,"href":"https:\/\/zjarr.tv\/sq\/wp-json\/wp\/v2\/posts\/179828\/revisions"}],"wp:featuredmedia":[{"embeddable":true,"href":"https:\/\/zjarr.tv\/sq\/wp-json\/wp\/v2\/media\/179830"}],"wp:attachment":[{"href":"https:\/\/zjarr.tv\/sq\/wp-json\/wp\/v2\/media?parent=179828"}],"wp:term":[{"taxonomy":"category","embeddable":true,"href":"https:\/\/zjarr.tv\/sq\/wp-json\/wp\/v2\/categories?post=179828"},{"taxonomy":"post_tag","embeddable":true,"href":"https:\/\/zjarr.tv\/sq\/wp-json\/wp\/v2\/tags?post=179828"}],"curies":[{"name":"wp","href":"https:\/\/api.w.org\/{rel}","templated":true}]}}