{"id":179846,"date":"2021-04-27T10:05:18","date_gmt":"2021-04-27T08:05:18","guid":{"rendered":"https:\/\/zjarr.tv\/?p=179846"},"modified":"2021-04-27T10:05:18","modified_gmt":"2021-04-27T08:05:18","slug":"mbyllet-numerimi-ne-shkoder-ilir-beqaj-e-sheh-veten-jashte-parlamentit","status":"publish","type":"post","link":"https:\/\/zjarr.tv\/sq\/mbyllet-numerimi-ne-shkoder-ilir-beqaj-e-sheh-veten-jashte-parlamentit\/","title":{"rendered":"Mbyllet num\u00ebrimi n\u00eb Shkod\u00ebr\/ Ilir Beqaj e sheh veten jasht\u00eb Parlamentit\u2026"},"content":{"rendered":"<p>\u00cbsht\u00eb mbyllur procesi i num\u00ebrimit t\u00eb votave n\u00eb qarkun e Shkodr\u00ebs, ku me t\u00eb dh\u00ebnat e deritanishme PD ka marr\u00eb 5 mandate, PS ka marr\u00eb 3 mandate, PSD e Tom Doshit 2 mandate dhe LSI 1 mandat. Pa llogaritur mund\u00ebsin\u00eb e thyerjes s\u00eb her\u00ebsit, e cila do t\u00eb shihet pas num\u00ebrimit t\u00eb votave p\u00ebr kandidat\u00ebt, ish-ministri i Sh\u00ebndet\u00ebsis\u00eb Ilir Beqaj e sheh veten jasht\u00eb parlamentit.<\/p>\n<p>3 t\u00eb par\u00ebt n\u00eb list\u00ebn e PS-s\u00eb n\u00eb Shkod\u00ebr jan\u00eb Edona Bilali, Paulin Sterkaj dhe Benet Beci.<\/p>\n<p>Sa i takon PD-s\u00eb, pa llogaritur mund\u00ebsin\u00eb e thyerjes s\u00eb her\u00ebsit, hyjn\u00eb n\u00eb Kuvend Helidon Bushati nd\u00ebrsa pas tij renditet Emilia Koliqi, n\u00ebnkryetarja e bashkis\u00eb Shkod\u00ebr.<\/p>\n<p>I treti \u00ebsht\u00eb Ramadan Lika, ish kryetari i bashkis\u00eb Mal\u00ebsi e Madhe nd\u00ebrsa e kat\u00ebrta n\u00eb lista \u00ebsht\u00eb renditur Greta Bardeli, n\u00ebnkryetare e PD Shkod\u00ebr dhe ish kryetare e k\u00ebshillit t\u00eb qarkut. I pesti \u00ebsht\u00eb ish kryetari i bashkis\u00eb Vau Dej\u00ebs Zef Hila.<\/p>\n<p>Nd\u00ebrkoh\u00eb me dor\u00ebheqjen e Tom Doshit nga mandati i deputetit, dy kandidat\u00ebt q\u00eb do t\u00eb jen\u00eb n\u00eb Kuvend nga PSD jan\u00eb Gledis \u00c7eliku dhe Meri Marki\u00e7i.<\/p>\n<p>Po ashtu n\u00eb Kuvend do t\u00eb hyj\u00eb dhe Agron \u00c7ela nga radh\u00ebt e LSI-s\u00eb.<\/p>\n<p>&nbsp;<\/p>\n","protected":false},"excerpt":{"rendered":"<p>\u00cbsht\u00eb mbyllur procesi i num\u00ebrimit t\u00eb votave n\u00eb qarkun e Shkodr\u00ebs, ku me t\u00eb dh\u00ebnat e deritanishme PD ka marr\u00eb 5 mandate, PS ka marr\u00eb 3 mandate, PSD e Tom Doshit 2 mandate dhe LSI 1 mandat. Pa llogaritur mund\u00ebsin\u00eb e thyerjes s\u00eb her\u00ebsit, e cila do t\u00eb shihet pas num\u00ebrimit t\u00eb votave p\u00ebr kandidat\u00ebt, [&hellip;]<\/p>\n","protected":false},"author":2016,"featured_media":179848,"comment_status":"closed","ping_status":"closed","sticky":false,"template":"","format":"standard","meta":{"footnotes":""},"categories":[241,1454],"tags":[2698],"class_list":{"0":"post-179846","1":"post","2":"type-post","3":"status-publish","4":"format-standard","5":"has-post-thumbnail","7":"category-aktualitet","8":"category-politike","9":"tag-lajme-zjarr-mbyllet-numerimi-ne-shkoder-zjarr-tv"},"_links":{"self":[{"href":"https:\/\/zjarr.tv\/sq\/wp-json\/wp\/v2\/posts\/179846","targetHints":{"allow":["GET"]}}],"collection":[{"href":"https:\/\/zjarr.tv\/sq\/wp-json\/wp\/v2\/posts"}],"about":[{"href":"https:\/\/zjarr.tv\/sq\/wp-json\/wp\/v2\/types\/post"}],"author":[{"embeddable":true,"href":"https:\/\/zjarr.tv\/sq\/wp-json\/wp\/v2\/users\/2016"}],"replies":[{"embeddable":true,"href":"https:\/\/zjarr.tv\/sq\/wp-json\/wp\/v2\/comments?post=179846"}],"version-history":[{"count":0,"href":"https:\/\/zjarr.tv\/sq\/wp-json\/wp\/v2\/posts\/179846\/revisions"}],"wp:featuredmedia":[{"embeddable":true,"href":"https:\/\/zjarr.tv\/sq\/wp-json\/wp\/v2\/media\/179848"}],"wp:attachment":[{"href":"https:\/\/zjarr.tv\/sq\/wp-json\/wp\/v2\/media?parent=179846"}],"wp:term":[{"taxonomy":"category","embeddable":true,"href":"https:\/\/zjarr.tv\/sq\/wp-json\/wp\/v2\/categories?post=179846"},{"taxonomy":"post_tag","embeddable":true,"href":"https:\/\/zjarr.tv\/sq\/wp-json\/wp\/v2\/tags?post=179846"}],"curies":[{"name":"wp","href":"https:\/\/api.w.org\/{rel}","templated":true}]}}