{"id":179849,"date":"2021-04-27T10:42:01","date_gmt":"2021-04-27T08:42:01","guid":{"rendered":"https:\/\/zjarr.tv\/?p=179849"},"modified":"2021-04-27T10:42:01","modified_gmt":"2021-04-27T08:42:01","slug":"kryeministri-rama-del-me-njoftimin-e-rendesishem-dhe-zbulon-cfare-do-te-ndodhe-sot-ne-oren-1800","status":"publish","type":"post","link":"https:\/\/zjarr.tv\/sq\/kryeministri-rama-del-me-njoftimin-e-rendesishem-dhe-zbulon-cfare-do-te-ndodhe-sot-ne-oren-1800\/","title":{"rendered":"Kryeministri Rama del me njoftimin e r\u00ebnd\u00ebsish\u00ebm dhe zbulon \u00e7far\u00eb do t\u00eb ndodh\u00eb sot n\u00eb or\u00ebn 18:00"},"content":{"rendered":"<p>N\u00ebp\u00ebrmjet nj\u00eb postimi n\u00eb rrjetet sociale, Kryeministri Edi Rama, njofton se sot n\u00eb or\u00ebn 18:00, do t\u00eb bashkohen t\u00eb gjith\u00eb n\u00eb sheshin \u201cSk\u00ebnderbej\u201d p\u00ebr t\u00eb festuar fitoren.<\/p>\n<p><em style=\"font-weight: inherit;\">\u201cSot n\u00eb 18.00, n\u00eb Sheshin Sk\u00ebnderbej, skuadra kampione e patronazhist\u00ebve, koordinator\u00ebve, drejtuesve, deputet\u00ebve dhe kush t\u00eb doj\u00eb t\u00eb na bashkohet p\u00ebr p\u00ebrqafimin e fitores<\/em><\/p>\n<p><em style=\"font-weight: inherit;\"> PS12Fitore Kampion\u00eb\u201d,<\/em>\u00a0\u2013 shkruan Rama.<\/p>\n<p>&nbsp;<\/p>\n","protected":false},"excerpt":{"rendered":"<p>N\u00ebp\u00ebrmjet nj\u00eb postimi n\u00eb rrjetet sociale, Kryeministri Edi Rama, njofton se sot n\u00eb or\u00ebn 18:00, do t\u00eb bashkohen t\u00eb gjith\u00eb n\u00eb sheshin \u201cSk\u00ebnderbej\u201d p\u00ebr t\u00eb festuar fitoren. \u201cSot n\u00eb 18.00, n\u00eb Sheshin Sk\u00ebnderbej, skuadra kampione e patronazhist\u00ebve, koordinator\u00ebve, drejtuesve, deputet\u00ebve dhe kush t\u00eb doj\u00eb t\u00eb na bashkohet p\u00ebr p\u00ebrqafimin e fitores PS12Fitore Kampion\u00eb\u201d,\u00a0\u2013 shkruan Rama. [&hellip;]<\/p>\n","protected":false},"author":2016,"featured_media":179851,"comment_status":"closed","ping_status":"closed","sticky":false,"template":"","format":"standard","meta":{"footnotes":""},"categories":[241],"tags":[2699],"class_list":{"0":"post-179849","1":"post","2":"type-post","3":"status-publish","4":"format-standard","5":"has-post-thumbnail","7":"category-aktualitet","8":"tag-lajme-zjarr-rama-del-me-njoftimin-e-rendesishem-zjarr-tv"},"_links":{"self":[{"href":"https:\/\/zjarr.tv\/sq\/wp-json\/wp\/v2\/posts\/179849","targetHints":{"allow":["GET"]}}],"collection":[{"href":"https:\/\/zjarr.tv\/sq\/wp-json\/wp\/v2\/posts"}],"about":[{"href":"https:\/\/zjarr.tv\/sq\/wp-json\/wp\/v2\/types\/post"}],"author":[{"embeddable":true,"href":"https:\/\/zjarr.tv\/sq\/wp-json\/wp\/v2\/users\/2016"}],"replies":[{"embeddable":true,"href":"https:\/\/zjarr.tv\/sq\/wp-json\/wp\/v2\/comments?post=179849"}],"version-history":[{"count":0,"href":"https:\/\/zjarr.tv\/sq\/wp-json\/wp\/v2\/posts\/179849\/revisions"}],"wp:featuredmedia":[{"embeddable":true,"href":"https:\/\/zjarr.tv\/sq\/wp-json\/wp\/v2\/media\/179851"}],"wp:attachment":[{"href":"https:\/\/zjarr.tv\/sq\/wp-json\/wp\/v2\/media?parent=179849"}],"wp:term":[{"taxonomy":"category","embeddable":true,"href":"https:\/\/zjarr.tv\/sq\/wp-json\/wp\/v2\/categories?post=179849"},{"taxonomy":"post_tag","embeddable":true,"href":"https:\/\/zjarr.tv\/sq\/wp-json\/wp\/v2\/tags?post=179849"}],"curies":[{"name":"wp","href":"https:\/\/api.w.org\/{rel}","templated":true}]}}