{"id":179852,"date":"2021-04-27T10:49:59","date_gmt":"2021-04-27T08:49:59","guid":{"rendered":"https:\/\/zjarr.tv\/?p=179852"},"modified":"2021-04-27T10:49:59","modified_gmt":"2021-04-27T08:49:59","slug":"edi-rama-po-punove-fort-ia-del-ska-rruge-te-shkurtra-ne-jete","status":"publish","type":"post","link":"https:\/\/zjarr.tv\/sq\/edi-rama-po-punove-fort-ia-del-ska-rruge-te-shkurtra-ne-jete\/","title":{"rendered":"Edi Rama: Po punove fort ia del, s\u2019ka rrug\u00eb t\u00eb shkurtra n\u00eb jet\u00eb\u2026"},"content":{"rendered":"<p>Deri n\u00eb k\u00ebto momente, nga num\u00ebrimi i votave rezulton se Partia Socialiste kryeson si forc\u00eb e par\u00eb n\u00eb 8 qarqe t\u00eb vendit.<\/p>\n<p>Nd\u00ebrkoh\u00eb, kryeministri Edi Rama ka reaguar n\u00eb Facebook, duke p\u00ebrcjell\u00eb nj\u00eb mesazh t\u00eb basketbollistit Michael Jordan: \u201cPo punove fort ia del! S\u2019ka rrug\u00eb t\u00eb shkurtra n\u00eb jet\u00eb\u201d.<\/p>\n<p>Postimi shoq\u00ebrohet edhe me nj\u00eb foto t\u00eb basketbollistit Michael Jordan.<\/p>\n<p>Deri m\u00eb tani Partia Socialiste rezulton me 73 mandate, PD ka njohur nj\u00eb rritje krahasuar me zgjedhjet e kaluara, ku deri m\u00eb tani ka marr\u00eb 59 vende n\u00eb Kuvendin e ri krahasuar me 46 q\u00eb ka pasur n\u00eb 2017. Nd\u00ebrsa LSI ka p\u00ebsuar humbje, ku ka arritur q\u00eb t\u00eb marr\u00eb vet\u00ebm 5 mandate nga 19 q\u00eb ka pasur n\u00eb zgjedhjet e kaluara.<\/p>\n","protected":false},"excerpt":{"rendered":"<p>Deri n\u00eb k\u00ebto momente, nga num\u00ebrimi i votave rezulton se Partia Socialiste kryeson si forc\u00eb e par\u00eb n\u00eb 8 qarqe t\u00eb vendit. Nd\u00ebrkoh\u00eb, kryeministri Edi Rama ka reaguar n\u00eb Facebook, duke p\u00ebrcjell\u00eb nj\u00eb mesazh t\u00eb basketbollistit Michael Jordan: \u201cPo punove fort ia del! S\u2019ka rrug\u00eb t\u00eb shkurtra n\u00eb jet\u00eb\u201d. Postimi shoq\u00ebrohet edhe me nj\u00eb foto [&hellip;]<\/p>\n","protected":false},"author":2016,"featured_media":179854,"comment_status":"closed","ping_status":"closed","sticky":false,"template":"","format":"standard","meta":{"footnotes":""},"categories":[241],"tags":[2700],"class_list":{"0":"post-179852","1":"post","2":"type-post","3":"status-publish","4":"format-standard","5":"has-post-thumbnail","7":"category-aktualitet","8":"tag-lajme-zjarr-rama-po-punove-fort-ia-del-zjarr-tv"},"_links":{"self":[{"href":"https:\/\/zjarr.tv\/sq\/wp-json\/wp\/v2\/posts\/179852","targetHints":{"allow":["GET"]}}],"collection":[{"href":"https:\/\/zjarr.tv\/sq\/wp-json\/wp\/v2\/posts"}],"about":[{"href":"https:\/\/zjarr.tv\/sq\/wp-json\/wp\/v2\/types\/post"}],"author":[{"embeddable":true,"href":"https:\/\/zjarr.tv\/sq\/wp-json\/wp\/v2\/users\/2016"}],"replies":[{"embeddable":true,"href":"https:\/\/zjarr.tv\/sq\/wp-json\/wp\/v2\/comments?post=179852"}],"version-history":[{"count":0,"href":"https:\/\/zjarr.tv\/sq\/wp-json\/wp\/v2\/posts\/179852\/revisions"}],"wp:featuredmedia":[{"embeddable":true,"href":"https:\/\/zjarr.tv\/sq\/wp-json\/wp\/v2\/media\/179854"}],"wp:attachment":[{"href":"https:\/\/zjarr.tv\/sq\/wp-json\/wp\/v2\/media?parent=179852"}],"wp:term":[{"taxonomy":"category","embeddable":true,"href":"https:\/\/zjarr.tv\/sq\/wp-json\/wp\/v2\/categories?post=179852"},{"taxonomy":"post_tag","embeddable":true,"href":"https:\/\/zjarr.tv\/sq\/wp-json\/wp\/v2\/tags?post=179852"}],"curies":[{"name":"wp","href":"https:\/\/api.w.org\/{rel}","templated":true}]}}