{"id":179858,"date":"2021-04-27T11:12:21","date_gmt":"2021-04-27T09:12:21","guid":{"rendered":"https:\/\/zjarr.tv\/?p=179858"},"modified":"2021-04-27T11:12:21","modified_gmt":"2021-04-27T09:12:21","slug":"cfare-ndodhi-me-exit-poll-et-pse-gabuan-bushati-ka-nje-teori","status":"publish","type":"post","link":"https:\/\/zjarr.tv\/sq\/cfare-ndodhi-me-exit-poll-et-pse-gabuan-bushati-ka-nje-teori\/","title":{"rendered":"\u00c7far\u00eb ndodhi me Exit Poll-et? Pse gabuan? Bushati ka nj\u00eb teori\u2026"},"content":{"rendered":"<p>Nj\u00eb nga pik\u00ebpyetjet m\u00eb t\u00eb m\u00ebdha n\u00eb opinionin publik, lidhet me faktin se p\u00ebrse sondazhet paraprake t\u00eb dit\u00ebs s\u00eb zgjedhjeve tregonin se opozita do t\u00eb fitoj\u00eb zgjedhjet. Madje edhe ato exit poll-e q\u00eb u organizuan nga media pran\u00eb pushtetit, flisnin p\u00ebr t\u00eb pakt\u00ebn nj\u00eb barazim.<\/p>\n<p>Megjithat\u00eb, rezultati i num\u00ebrimit tregon nj\u00eb realitet krejt ndryshe. Ku gabuan k\u00ebto sondazhe, \u00ebsht\u00eb nj\u00eb pyetje q\u00eb ngrihet vazhdimisht n\u00eb median sociale.<\/p>\n<p>Analisti Andi Bushati, n\u00eb nj\u00eb koment n\u00eb\u00a0Lapsi.al e ka nj\u00eb teori.<\/p>\n<p><em>\u201cP\u00ebrgjigjja \u00ebsht\u00eb e thjesht\u00eb: sepse ata, t\u00eb cil\u00ebve iu \u00ebsht\u00eb bler\u00eb vota, nuk u jan\u00eb p\u00ebrgjigjur anketuesve. Ata kan\u00eb pasur ngurrim dhe syp\u00ebrmbysje p\u00ebr t\u00eb deklaruar vot\u00ebn e tyre t\u00eb turpit. Dhe sipas k\u00ebsaj llogarie, kjo vot\u00eb turpi, ajo e hendekut t\u00eb mosp\u00ebrputhjes mes exit polleve dhe rezultatit faktik q\u00eb po p\u00ebrvijohet, i bie t\u00eb jet\u00eb nga 7 deri n\u00eb 9 mandate q\u00eb dalin t\u00eb pashpjegueshme n\u00eb favor t\u00eb rilindjes. Ajo \u00ebsht\u00eb prova e pakund\u00ebrshtueshme se k\u00ebt\u00eb radh\u00eb kemi qen\u00eb p\u00ebrpara nj\u00eb masakre elektorale me blerje industriale votash.<\/em><\/p>\n<p><em>Por, p\u00ebr k\u00ebt\u00eb, ka edhe argumente t\u00eb tjer\u00eb. A e di vall\u00eb ndokush se ku kan\u00eb shkuar ato dhjet\u00ebra miliona euro t\u00eb ndara s\u00eb fundi nga qeveria, p\u00ebr koncesione e tendera pa gar\u00eb? A mos duhet k\u00ebrkuar aty diferenca e gabimit t\u00eb matjeve t\u00eb opinionit? A di ta shpjegoj\u00eb njeri, se si, n\u00eb qarkun m\u00eb t\u00eb emancipuar t\u00eb vendit, n\u00eb Tiran\u00eb, grupime djemsh t\u00eb rinj dhe pa asnj\u00eb njoll\u00eb korrupsioni, si Endrit Shabani apo Bojken Abazi marrin t\u00eb dy s\u00eb bashku m\u00eb pak vota sesa Tom Doshi? A mund t\u00eb flitet n\u00eb k\u00ebt\u00eb rast p\u00ebr nj\u00eb vot\u00eb t\u00eb past\u00ebr e t\u00eb ndershme? A nuk kemi k\u00ebtu nj\u00eb prov\u00eb se gjith\u00e7ka \u00ebsht\u00eb vendosur me lek\u00eb?<\/em><\/p>\n<p><em>Besoj se k\u00ebto pyetje retorike nuk kan\u00eb nevoj\u00eb p\u00ebr koment. T\u00eb gjitha ato s\u00eb bashku provojn\u00eb nj\u00eb gj\u00eb t\u00eb th\u00ebn\u00eb e t\u00eb st\u00ebrth\u00ebn\u00eb, se sa m\u00eb shum\u00eb nj\u00eb regjim implikohet, aq m\u00eb pak ai \u00ebsht\u00eb i p\u00ebrmbyssh\u00ebm me vot\u00eb. Zgjedhjet e k\u00ebtij prilli d\u00ebshmojn\u00eb se vendi ka hyr\u00eb p\u00ebrfundimisht n\u00ebn l\u00ebngat\u00ebn e gjat\u00eb t\u00eb nj\u00eb autokracie\u201d.<\/em><\/p>\n","protected":false},"excerpt":{"rendered":"<p>Nj\u00eb nga pik\u00ebpyetjet m\u00eb t\u00eb m\u00ebdha n\u00eb opinionin publik, lidhet me faktin se p\u00ebrse sondazhet paraprake t\u00eb dit\u00ebs s\u00eb zgjedhjeve tregonin se opozita do t\u00eb fitoj\u00eb zgjedhjet. Madje edhe ato exit poll-e q\u00eb u organizuan nga media pran\u00eb pushtetit, flisnin p\u00ebr t\u00eb pakt\u00ebn nj\u00eb barazim. Megjithat\u00eb, rezultati i num\u00ebrimit tregon nj\u00eb realitet krejt ndryshe. Ku [&hellip;]<\/p>\n","protected":false},"author":2016,"featured_media":179860,"comment_status":"closed","ping_status":"closed","sticky":false,"template":"","format":"standard","meta":{"footnotes":""},"categories":[241],"tags":[2702],"class_list":{"0":"post-179858","1":"post","2":"type-post","3":"status-publish","4":"format-standard","5":"has-post-thumbnail","7":"category-aktualitet","8":"tag-lajme-zjarr-bushati-ka-nje-teori-exit-poll-et-zjarr-tv"},"_links":{"self":[{"href":"https:\/\/zjarr.tv\/sq\/wp-json\/wp\/v2\/posts\/179858","targetHints":{"allow":["GET"]}}],"collection":[{"href":"https:\/\/zjarr.tv\/sq\/wp-json\/wp\/v2\/posts"}],"about":[{"href":"https:\/\/zjarr.tv\/sq\/wp-json\/wp\/v2\/types\/post"}],"author":[{"embeddable":true,"href":"https:\/\/zjarr.tv\/sq\/wp-json\/wp\/v2\/users\/2016"}],"replies":[{"embeddable":true,"href":"https:\/\/zjarr.tv\/sq\/wp-json\/wp\/v2\/comments?post=179858"}],"version-history":[{"count":0,"href":"https:\/\/zjarr.tv\/sq\/wp-json\/wp\/v2\/posts\/179858\/revisions"}],"wp:featuredmedia":[{"embeddable":true,"href":"https:\/\/zjarr.tv\/sq\/wp-json\/wp\/v2\/media\/179860"}],"wp:attachment":[{"href":"https:\/\/zjarr.tv\/sq\/wp-json\/wp\/v2\/media?parent=179858"}],"wp:term":[{"taxonomy":"category","embeddable":true,"href":"https:\/\/zjarr.tv\/sq\/wp-json\/wp\/v2\/categories?post=179858"},{"taxonomy":"post_tag","embeddable":true,"href":"https:\/\/zjarr.tv\/sq\/wp-json\/wp\/v2\/tags?post=179858"}],"curies":[{"name":"wp","href":"https:\/\/api.w.org\/{rel}","templated":true}]}}