{"id":179861,"date":"2021-04-27T11:17:47","date_gmt":"2021-04-27T09:17:47","guid":{"rendered":"https:\/\/zjarr.tv\/?p=179861"},"modified":"2021-04-27T11:17:47","modified_gmt":"2021-04-27T09:17:47","slug":"situata-nga-koronavirusi-greqia-shtyn-serish-deri-me-3-maj-mbylljen-e-kapshtices","status":"publish","type":"post","link":"https:\/\/zjarr.tv\/sq\/situata-nga-koronavirusi-greqia-shtyn-serish-deri-me-3-maj-mbylljen-e-kapshtices\/","title":{"rendered":"Situata nga koronavirusi, Greqia shtyn s\u00ebrish deri m\u00eb 3 maj mbylljen e Kapshtic\u00ebs"},"content":{"rendered":"<p>Greqia ka shtyr\u00eb s\u00ebrish hapjen e dogan\u00ebs s\u00eb Kapshtic\u00ebs p\u00ebr ata q\u00eb duan t\u00eb kalojn\u00eb n\u00eb shtetin fqinj.<\/p>\n<p>Shkak jan\u00eb b\u00ebr\u00eb shifrat e infektimeve n\u00eb koronavirus. Kujtojm\u00eb se dit\u00ebn e djeshme u raportua se n\u00eb Greqi kishte hyr\u00eb edhe varianti indian i Covid-19.<\/p>\n<p>Sipas njoftimit, mbyllja e Kapshtic\u00ebs do t\u00eb shtyhet deri n\u00eb dat\u00ebn 3 maj.<\/p>\n<p><strong>Njoftimi i plot\u00eb:<\/strong><\/p>\n<p><em>Drejtoria Vendore e Kufirit dhe Migracionit Kor\u00e7\u00eb.<\/em><\/p>\n<p><em>Stacioni i Policis\u00eb Kufitare Kapshtic\u00eb:<\/em><\/p>\n<p><em>Autoritetet e Policis\u00eb Greke, n\u00eb vijim t\u00eb masave t\u00eb marra nga qeveria greke mbi p\u00ebrballimin e situat\u00ebs s\u00eb krijuar p\u00ebr shkak t\u00eb pandemis\u00eb COVID-19, kan\u00eb njoftuar pal\u00ebn shqiptare p\u00ebr shtyrjen e afatit t\u00eb bllokimit t\u00eb Pik\u00ebs s\u00eb Kalimit Kufitar Kapshtic\u00eb, deri n\u00eb dat\u00ebn 03.05.2021.<\/em><\/p>\n<p><em>Deri n\u00eb k\u00ebt\u00eb dat\u00eb, dalja nga Shqip\u00ebria dhe hyrja drejt Greqis\u00eb n\u00ebp\u00ebrmjet k\u00ebsaj pike kalimi, vijon t\u00eb jet\u00eb e mbyllur.<\/em><\/p>\n<p><em>Nd\u00ebrsa dalja nga Greqia dhe hyrja drejt vendit ton\u00eb, do t\u00eb jet\u00eb e lejuar nga ora 06:00 deri n\u00eb or\u00ebn 22:00, p\u00ebr t\u00eb gjith\u00eb shtetasit dhe kategorit\u00eb e mjeteve.<\/em><\/p>\n<p><em>Duke ju falenderuar p\u00ebr mir\u00ebkuptimin.<\/em><\/p>\n","protected":false},"excerpt":{"rendered":"<p>Greqia ka shtyr\u00eb s\u00ebrish hapjen e dogan\u00ebs s\u00eb Kapshtic\u00ebs p\u00ebr ata q\u00eb duan t\u00eb kalojn\u00eb n\u00eb shtetin fqinj. Shkak jan\u00eb b\u00ebr\u00eb shifrat e infektimeve n\u00eb koronavirus. Kujtojm\u00eb se dit\u00ebn e djeshme u raportua se n\u00eb Greqi kishte hyr\u00eb edhe varianti indian i Covid-19. Sipas njoftimit, mbyllja e Kapshtic\u00ebs do t\u00eb shtyhet deri n\u00eb dat\u00ebn 3 [&hellip;]<\/p>\n","protected":false},"author":2030,"featured_media":179862,"comment_status":"closed","ping_status":"closed","sticky":false,"template":"","format":"standard","meta":{"footnotes":""},"categories":[241],"tags":[],"class_list":{"0":"post-179861","1":"post","2":"type-post","3":"status-publish","4":"format-standard","5":"has-post-thumbnail","7":"category-aktualitet"},"_links":{"self":[{"href":"https:\/\/zjarr.tv\/sq\/wp-json\/wp\/v2\/posts\/179861","targetHints":{"allow":["GET"]}}],"collection":[{"href":"https:\/\/zjarr.tv\/sq\/wp-json\/wp\/v2\/posts"}],"about":[{"href":"https:\/\/zjarr.tv\/sq\/wp-json\/wp\/v2\/types\/post"}],"author":[{"embeddable":true,"href":"https:\/\/zjarr.tv\/sq\/wp-json\/wp\/v2\/users\/2030"}],"replies":[{"embeddable":true,"href":"https:\/\/zjarr.tv\/sq\/wp-json\/wp\/v2\/comments?post=179861"}],"version-history":[{"count":0,"href":"https:\/\/zjarr.tv\/sq\/wp-json\/wp\/v2\/posts\/179861\/revisions"}],"wp:featuredmedia":[{"embeddable":true,"href":"https:\/\/zjarr.tv\/sq\/wp-json\/wp\/v2\/media\/179862"}],"wp:attachment":[{"href":"https:\/\/zjarr.tv\/sq\/wp-json\/wp\/v2\/media?parent=179861"}],"wp:term":[{"taxonomy":"category","embeddable":true,"href":"https:\/\/zjarr.tv\/sq\/wp-json\/wp\/v2\/categories?post=179861"},{"taxonomy":"post_tag","embeddable":true,"href":"https:\/\/zjarr.tv\/sq\/wp-json\/wp\/v2\/tags?post=179861"}],"curies":[{"name":"wp","href":"https:\/\/api.w.org\/{rel}","templated":true}]}}