{"id":179868,"date":"2021-04-27T11:43:42","date_gmt":"2021-04-27T09:43:42","guid":{"rendered":"https:\/\/zjarr.tv\/?p=179868"},"modified":"2021-04-27T11:44:05","modified_gmt":"2021-04-27T09:44:05","slug":"zgjedhjet-ne-shqiperi-perfaqesuesit-e-larte-te-be-se-dalin-ne-nje-deklarate-urgjente","status":"publish","type":"post","link":"https:\/\/zjarr.tv\/sq\/zgjedhjet-ne-shqiperi-perfaqesuesit-e-larte-te-be-se-dalin-ne-nje-deklarate-urgjente\/","title":{"rendered":"Zgjedhjet n\u00eb Shqip\u00ebri\/ P\u00ebrfaq\u00ebsuesit e lart\u00eb t\u00eb BE-s\u00eb dalin n\u00eb nj\u00eb deklarat\u00eb urgjente\u2026"},"content":{"rendered":"<p>P\u00ebrfaq\u00ebsuesi i Lart\u00eb i Bashkimit Evropian, Josep Borrell dhe Komisioneri p\u00ebr Fqinj\u00ebsin\u00eb dhe Zgjerimin Oliv\u00e9r V\u00e1rhelyi, ka dal\u00eb n\u00eb nj\u00eb deklarat\u00eb t\u00eb p\u00ebrbashk\u00ebt n\u00eb lidhje me Zgjedhjet Parlamentare n\u00eb Shqip\u00ebri.<\/p>\n<p><em style=\"font-weight: inherit;\">\u201cT\u00eb Diel\u00ebn, populli i Shqip\u00ebris\u00eb ushtroi t\u00eb drejt\u00ebn e tij demokratike p\u00ebr t\u00eb votuar. Ne i p\u00ebrg\u00ebzojm\u00eb t\u00eb gjith\u00eb ata q\u00eb kontribuan p\u00ebr ta b\u00ebr\u00eb t\u00eb mundur k\u00ebt\u00eb, pavar\u00ebsisht kontekstit sfidues kOVID-19. Zgjedhjet u mbajt\u00ebn duke zbatuar nj\u00eb korniz\u00eb t\u00eb re zgjedhore, t\u00eb miratuar n\u00eb p\u00ebrputhje me rekomandimet e OSBE \/ ODIHR.<\/em><\/p>\n<p><em style=\"font-weight: inherit;\">Sipas gjetjeve dhe konkluzioneve paraprake t\u00eb Misionit t\u00eb V\u00ebzhgimit t\u00eb Kufizuar t\u00eb Zgjedhjeve t\u00eb OSBE \/ ODIHR, zgjedhjet parlamentare ishin p\u00ebrgjith\u00ebsisht t\u00eb organizuara mir\u00eb nga administrata zgjedhore, nd\u00ebrsa fushata ishte e gjall\u00eb dhe gjith\u00ebp\u00ebrfshir\u00ebse. Pal\u00ebt e interesit kishin besim t\u00eb mjaftuesh\u00ebm p\u00ebr t\u00eb marr\u00eb pjes\u00eb dhe nj\u00eb Komision Qendror i Zgjedhjeve i reformuar (KQZ) mbik\u00ebqyri procesin zgjedhor n\u00eb nj\u00eb m\u00ebnyr\u00eb transparente, duke shijuar besimin e pal\u00ebve t\u00eb interesit n\u00eb t\u00eb gjitha nivelet. V\u00ebzhguesit raportojn\u00eb shqet\u00ebsime n\u00eb lidhje me keqp\u00ebrdorimin e burimeve ose funksioneve shtet\u00ebrore nga partia n\u00eb pushtet dhe figura t\u00eb tjera publike. Ne inkurajojm\u00eb t\u00eb gjitha pal\u00ebt e p\u00ebrfshira n\u00eb num\u00ebrim t\u00eb procedojn\u00eb me shpejt\u00ebsi dhe n\u00eb p\u00ebrputhje me procedurat e vendosura. T\u00eb gjitha forcat politike tani duhet t\u00eb sigurojn\u00eb funksionimin efektiv dhe demokratik t\u00eb institucioneve t\u00eb vendit, si rezultat i k\u00ebtyre zgjedhjeve. Kjo p\u00ebrfshin p\u00ebrgjegj\u00ebsin\u00eb p\u00ebr t\u00eb ndjekur parimin demokratik t\u00eb respektimit t\u00eb rezultatit t\u00eb zgjedhjeve. \u00c7do parregullsi e pretenduar duhet t\u00eb sillet me v\u00ebmendje t\u00eb Komisionit Qendror t\u00eb Zgjedhjeve dhe autoriteteve t\u00eb tjera kompetente, dhe rastet duhet t\u00eb hetohen si\u00e7 duhet, p\u00ebrfshir\u00eb blerjen e vot\u00ebs.<\/em><\/p>\n<p><em style=\"font-weight: inherit;\"> Ashtu si me aktivitetet e v\u00ebzhgimit diplomatik n\u00eb dit\u00ebn e zgjedhjeve nga Delegacioni i BE dhe p\u00ebrfaq\u00ebsuesit e Shteteve An\u00ebtare, BE do t\u00eb vazhdoj\u00eb t\u00eb ndjek\u00eb nga af\u00ebr zhvillimet elektorale deri n\u00eb \u00e7ertifikimin p\u00ebrfundimtar t\u00eb rezultateve.<\/em><\/p>\n<p><em style=\"font-weight: inherit;\">Shqip\u00ebria ka b\u00ebr\u00eb nj\u00eb rrug\u00eb t\u00eb gjat\u00eb n\u00eb rrug\u00ebn e saj drejt Bashkimit Evropian, duke treguar k\u00ebmb\u00ebngulje n\u00eb ndjekjen e reformave t\u00eb v\u00ebshtira n\u00eb interes t\u00eb popullit shqiptar. Periudha e tranzicionit deri n\u00eb p\u00ebrurimin e parlamentit dhe qeveris\u00eb s\u00eb re nuk duhet t\u00eb mbaj\u00eb p\u00ebrpjekjet e vazhdueshme p\u00ebr t\u00eb zbatuar reformat e nevojshme. Ne do t\u00eb d\u00ebshironim q\u00eb vendi t\u00eb hynte n\u00eb faz\u00ebn tjet\u00ebr t\u00eb procesit t\u00eb pranimit, me Konferenc\u00ebn e par\u00eb Nd\u00ebrqeveritare p\u00ebr fillimin e negociatave t\u00eb zhvilloheshin sa m\u00eb shpejt t\u00eb ishte e mundur.<\/em><\/p>\n<p><em style=\"font-weight: inherit;\">Ne presim q\u00eb parlamenti dhe qeveria e re shqiptare t\u00eb vazhdoj\u00eb ndjekjen e axhend\u00ebs s\u00eb reformave t\u00eb vendit me vendosm\u00ebri, ve\u00e7an\u00ebrisht n\u00eb lidhje me Sundimin e Ligjit. Ne p\u00ebrs\u00ebrisim thirrjen ton\u00eb p\u00ebr nj\u00eb dialog politik konstruktiv dhe gjith\u00ebp\u00ebrfshir\u00ebs nga t\u00eb gjitha pal\u00ebt.\u201d<\/em>\u00a0\u2013 shkruhet n\u00eb deklarat\u00eb.<\/p>\n","protected":false},"excerpt":{"rendered":"<p>P\u00ebrfaq\u00ebsuesi i Lart\u00eb i Bashkimit Evropian, Josep Borrell dhe Komisioneri p\u00ebr Fqinj\u00ebsin\u00eb dhe Zgjerimin Oliv\u00e9r V\u00e1rhelyi, ka dal\u00eb n\u00eb nj\u00eb deklarat\u00eb t\u00eb p\u00ebrbashk\u00ebt n\u00eb lidhje me Zgjedhjet Parlamentare n\u00eb Shqip\u00ebri. \u201cT\u00eb Diel\u00ebn, populli i Shqip\u00ebris\u00eb ushtroi t\u00eb drejt\u00ebn e tij demokratike p\u00ebr t\u00eb votuar. Ne i p\u00ebrg\u00ebzojm\u00eb t\u00eb gjith\u00eb ata q\u00eb kontribuan p\u00ebr ta b\u00ebr\u00eb [&hellip;]<\/p>\n","protected":false},"author":2016,"featured_media":179870,"comment_status":"closed","ping_status":"closed","sticky":false,"template":"","format":"standard","meta":{"footnotes":""},"categories":[241],"tags":[2704],"class_list":{"0":"post-179868","1":"post","2":"type-post","3":"status-publish","4":"format-standard","5":"has-post-thumbnail","7":"category-aktualitet","8":"tag-lajme-zjarr-perfaqesuesit-e-larte-te-be-se-zjarr-tv"},"_links":{"self":[{"href":"https:\/\/zjarr.tv\/sq\/wp-json\/wp\/v2\/posts\/179868","targetHints":{"allow":["GET"]}}],"collection":[{"href":"https:\/\/zjarr.tv\/sq\/wp-json\/wp\/v2\/posts"}],"about":[{"href":"https:\/\/zjarr.tv\/sq\/wp-json\/wp\/v2\/types\/post"}],"author":[{"embeddable":true,"href":"https:\/\/zjarr.tv\/sq\/wp-json\/wp\/v2\/users\/2016"}],"replies":[{"embeddable":true,"href":"https:\/\/zjarr.tv\/sq\/wp-json\/wp\/v2\/comments?post=179868"}],"version-history":[{"count":0,"href":"https:\/\/zjarr.tv\/sq\/wp-json\/wp\/v2\/posts\/179868\/revisions"}],"wp:featuredmedia":[{"embeddable":true,"href":"https:\/\/zjarr.tv\/sq\/wp-json\/wp\/v2\/media\/179870"}],"wp:attachment":[{"href":"https:\/\/zjarr.tv\/sq\/wp-json\/wp\/v2\/media?parent=179868"}],"wp:term":[{"taxonomy":"category","embeddable":true,"href":"https:\/\/zjarr.tv\/sq\/wp-json\/wp\/v2\/categories?post=179868"},{"taxonomy":"post_tag","embeddable":true,"href":"https:\/\/zjarr.tv\/sq\/wp-json\/wp\/v2\/tags?post=179868"}],"curies":[{"name":"wp","href":"https:\/\/api.w.org\/{rel}","templated":true}]}}