{"id":179889,"date":"2021-04-27T13:24:25","date_gmt":"2021-04-27T11:24:25","guid":{"rendered":"https:\/\/zjarr.tv\/?p=179889"},"modified":"2021-04-27T13:24:25","modified_gmt":"2021-04-27T11:24:25","slug":"analisti-gjerman-shqiperia-pa-perspektive-rama-nje-figure-tragjike","status":"publish","type":"post","link":"https:\/\/zjarr.tv\/sq\/analisti-gjerman-shqiperia-pa-perspektive-rama-nje-figure-tragjike\/","title":{"rendered":"Analisti gjerman: Shqip\u00ebria pa perspektiv\u00eb, Rama nj\u00eb figur\u00eb tragjike\u2026"},"content":{"rendered":"<p>Mediat gjermane kan\u00eb nisur analizat e tyre p\u00ebr zgjedhjet n\u00eb Shqip\u00ebri. Ato jan\u00eb n\u00eb nj\u00eb mendje q\u00eb n\u00eb Shqip\u00ebri nuk pritet t\u00eb ndryshoj\u00eb shum\u00eb pas zgjedhjeve t\u00eb s\u00eb diel\u00ebs.<\/p>\n<p>Erich Rathfelder i gazet\u00ebs Tageszeitung shkruan se Shqip\u00ebria \u00ebsht\u00eb pa perspektiv\u00eb. Sipas tij, \u201ckryeministri Edi Rama ishte nj\u00eb drit\u00eb shprese tet\u00eb vjet m\u00eb par\u00eb, por p\u00ebrfshirja e tij n\u00eb korrupsion tani e b\u00ebn at\u00eb pothuajse nj\u00eb figur\u00eb tragjike\u201d.<\/p>\n<p><em>\u201cA\u00a0ia ka dal\u00eb Edi Rama me t\u00eb ashtuquajtur\u00ebn partin\u00eb e tij \u2018socialiste\u2019, me gjith\u00eb skandalet q\u00eb e rrethojn\u00eb personin e tij, korrupsionin e shfrenuar t\u00eb vazhduesh\u00ebm dhe pavar\u00ebsisht premtimeve krejt\u00ebsisht t\u00eb paqarta p\u00ebr nj\u00eb t\u00eb ardhme m\u00eb t\u00eb mir\u00eb t\u00eb vendit, t\u00eb q\u00ebndroj\u00eb p\u00ebrs\u00ebri n\u00eb pushtet?<\/em><\/p>\n<p><em>As Partia Socialiste n\u00eb pushtet dhe as Partia Demokratike e opozit\u00ebs nuk treguan nj\u00eb program gjat\u00eb fushat\u00ebs zgjedhore. T\u00eb dyja pal\u00ebt u p\u00ebrpoq\u00ebn q\u00eb t\u00eb merrnin pik\u00eb ndaj votuesve me premtime shum\u00eb t\u00eb tepruara. Kur Edi Rama premton nj\u00eb t\u00eb ardhme t\u00eb art\u00eb me nj\u00eb bum t\u00eb turizmit, ai harron q\u00ebllimisht q\u00eb t\u00eb tregoj\u00eb problemet.<\/em><\/p>\n<p><em>Nuk ka t\u00eb b\u00ebj\u00eb vet\u00ebm me ndikimin e disa \u2018investitor\u00ebve\u2019 (pastruesve t\u00eb parave), t\u00eb cil\u00ebt kujdesen p\u00ebr gjith\u00e7ka dhe as me ndonj\u00eb plan dometh\u00ebn\u00ebse zhvillimi q\u00eb ruan natyr\u00ebn nga shkat\u00ebrrimi i nd\u00ebrtesave pa kontroll. Me dhun\u00eb dhe me ndihm\u00ebn e qeveris\u00eb, k\u00ebta njer\u00ebz kan\u00eb uzurpuar bregdetin e bukur n\u00eb jug t\u00eb Tiran\u00ebs.<\/em><\/p>\n<p><em>Edi Rama nuk ka m\u00eb asnj\u00eb perspektive t\u00eb ardhshme p\u00ebr t\u00eb ofruar. Fakti q\u00eb nj\u00eb njeri, nj\u00eb artist q\u00eb ishte nj\u00eb bart\u00ebs i v\u00ebrtet\u00eb i shpres\u00ebs tet\u00eb vjet m\u00eb par\u00eb, u implikua kaq thell\u00eb n\u00eb thesin e madh t\u00eb korrupsionit dhe paaft\u00ebsis\u00eb, e b\u00ebn at\u00eb pothuajse nj\u00eb figur\u00eb tragjike.<\/em><\/p>\n<p><em>P\u00ebr fat t\u00eb keq, opozita nuk arriti t\u00eb p\u00ebrfitonte mjaftuesh\u00ebm nga kjo gj\u00eb\u201d,<\/em>\u00a0shkruan analisti.<\/p>\n","protected":false},"excerpt":{"rendered":"<p>Mediat gjermane kan\u00eb nisur analizat e tyre p\u00ebr zgjedhjet n\u00eb Shqip\u00ebri. Ato jan\u00eb n\u00eb nj\u00eb mendje q\u00eb n\u00eb Shqip\u00ebri nuk pritet t\u00eb ndryshoj\u00eb shum\u00eb pas zgjedhjeve t\u00eb s\u00eb diel\u00ebs. Erich Rathfelder i gazet\u00ebs Tageszeitung shkruan se Shqip\u00ebria \u00ebsht\u00eb pa perspektiv\u00eb. Sipas tij, \u201ckryeministri Edi Rama ishte nj\u00eb drit\u00eb shprese tet\u00eb vjet m\u00eb par\u00eb, por p\u00ebrfshirja [&hellip;]<\/p>\n","protected":false},"author":2030,"featured_media":179890,"comment_status":"closed","ping_status":"closed","sticky":false,"template":"","format":"standard","meta":{"footnotes":""},"categories":[241,191,364,1454],"tags":[],"class_list":{"0":"post-179889","1":"post","2":"type-post","3":"status-publish","4":"format-standard","5":"has-post-thumbnail","7":"category-aktualitet","8":"category-bota","9":"category-koment-opinion","10":"category-politike"},"_links":{"self":[{"href":"https:\/\/zjarr.tv\/sq\/wp-json\/wp\/v2\/posts\/179889","targetHints":{"allow":["GET"]}}],"collection":[{"href":"https:\/\/zjarr.tv\/sq\/wp-json\/wp\/v2\/posts"}],"about":[{"href":"https:\/\/zjarr.tv\/sq\/wp-json\/wp\/v2\/types\/post"}],"author":[{"embeddable":true,"href":"https:\/\/zjarr.tv\/sq\/wp-json\/wp\/v2\/users\/2030"}],"replies":[{"embeddable":true,"href":"https:\/\/zjarr.tv\/sq\/wp-json\/wp\/v2\/comments?post=179889"}],"version-history":[{"count":0,"href":"https:\/\/zjarr.tv\/sq\/wp-json\/wp\/v2\/posts\/179889\/revisions"}],"wp:featuredmedia":[{"embeddable":true,"href":"https:\/\/zjarr.tv\/sq\/wp-json\/wp\/v2\/media\/179890"}],"wp:attachment":[{"href":"https:\/\/zjarr.tv\/sq\/wp-json\/wp\/v2\/media?parent=179889"}],"wp:term":[{"taxonomy":"category","embeddable":true,"href":"https:\/\/zjarr.tv\/sq\/wp-json\/wp\/v2\/categories?post=179889"},{"taxonomy":"post_tag","embeddable":true,"href":"https:\/\/zjarr.tv\/sq\/wp-json\/wp\/v2\/tags?post=179889"}],"curies":[{"name":"wp","href":"https:\/\/api.w.org\/{rel}","templated":true}]}}