{"id":179897,"date":"2021-04-27T14:08:25","date_gmt":"2021-04-27T12:08:25","guid":{"rendered":"https:\/\/zjarr.tv\/?p=179897"},"modified":"2021-04-27T14:08:25","modified_gmt":"2021-04-27T12:08:25","slug":"ilir-meta-jep-mesazhin-jam-i-lumtur-qe-ia-arrita-qe-25-prilli-te-ishte-dite-e-qete","status":"publish","type":"post","link":"https:\/\/zjarr.tv\/sq\/ilir-meta-jep-mesazhin-jam-i-lumtur-qe-ia-arrita-qe-25-prilli-te-ishte-dite-e-qete\/","title":{"rendered":"Ilir Meta jep mesazhin: Jam i lumtur q\u00eb ia arrita q\u00eb 25 Prilli t\u00eb ishte dit\u00eb e qet\u00eb"},"content":{"rendered":"<p>T\u00eb dashur qytetar\u00eb t\u00eb Republik\u00ebs,<\/p>\n<p>M\u00eb 25 Prill, ju e shpreh\u00ebt me vot\u00eb vullnetin p\u00ebr t\u00eb zgjedhur p\u00ebrfaq\u00ebsuesit tuaj n\u00eb Kuvendin e Shqip\u00ebris\u00eb.<\/p>\n<p>N\u00eb k\u00ebto momente \u00ebsht\u00eb tep\u00ebr e r\u00ebnd\u00ebsishme, q\u00eb ky proces t\u00eb p\u00ebrmbyllet qet\u00ebsisht dhe q\u00eb \u00e7do vot\u00eb, nga Vermoshi n\u00eb Konispol, t\u00eb num\u00ebrohet dhe t\u00eb administrohet sipas ligjit.<\/p>\n<p>Deri n\u00eb shpalljen e rezultatit p\u00ebrfundimtar, partit\u00eb politike dhe p\u00ebrfaq\u00ebsuesit e tyre duhet t\u00eb d\u00ebshmojn\u00eb maturi dhe qet\u00ebsi.<\/p>\n<p>Sfida ime madhore, sidomos k\u00ebto dy vitet e fundit, ka qen\u00eb q\u00eb Sovrani t\u00eb shpreh\u00eb i lir\u00eb vullnetin e tij dhe q\u00eb Shqip\u00ebria t\u00eb rikthehet n\u00eb shinat e Kushtetut\u00ebs, t\u00eb parlamentarizmit dhe n\u00eb normalitet politik.<\/p>\n<p>Edhe pse i vet\u00ebm p\u00ebrball\u00eb t\u00eb gjith\u00eb institucioneve t\u00eb kapura, ja arrita, q\u00eb 25 Prilli t\u00eb ishte nj\u00eb dit\u00eb e qet\u00eb, paq\u00ebsore, pa skena dhune dhe me pjes\u00ebmarrjen tuaj masive p\u00ebr t\u00eb ushtruar t\u00eb drejt\u00ebn e vot\u00ebs.<\/p>\n<p>Ndon\u00ebse dukej nj\u00eb sfid\u00eb e pamundur jam i lumtur, q\u00eb 25 Prilli mund t&#8217;i sh\u00ebrbej\u00eb demokracis\u00eb dhe stabilitetit t\u00eb vendit.<\/p>\n<p>Tani \u00ebsht\u00eb koha p\u00ebr t\u00eb p\u00ebrmbyllur me qet\u00ebsi dhe n\u00eb respekt t\u00eb ligjit procesin zgjedhor dhe m\u00eb pas t\u00eb gjith\u00eb t\u00eb reflektojn\u00eb deri n\u00eb shtator, kur krijohen institucionet e reja, q\u00eb burojn\u00eb nga vota e 25 Prillit.<\/p>\n<div style=\"width: 426px;\" class=\"wp-video\"><video class=\"wp-video-shortcode\" id=\"video-179897-1\" width=\"426\" height=\"240\" preload=\"metadata\" controls=\"controls\"><source type=\"video\/mp4\" src=\"https:\/\/zjarr.tv\/wp-content\/uploads\/2021\/04\/likja.mp4?_=1\" \/><a href=\"https:\/\/zjarr.tv\/wp-content\/uploads\/2021\/04\/likja.mp4\">https:\/\/zjarr.tv\/wp-content\/uploads\/2021\/04\/likja.mp4<\/a><\/video><\/div>\n","protected":false},"excerpt":{"rendered":"<p>T\u00eb dashur qytetar\u00eb t\u00eb Republik\u00ebs, M\u00eb 25 Prill, ju e shpreh\u00ebt me vot\u00eb vullnetin p\u00ebr t\u00eb zgjedhur p\u00ebrfaq\u00ebsuesit tuaj n\u00eb Kuvendin e Shqip\u00ebris\u00eb. N\u00eb k\u00ebto momente \u00ebsht\u00eb tep\u00ebr e r\u00ebnd\u00ebsishme, q\u00eb ky proces t\u00eb p\u00ebrmbyllet qet\u00ebsisht dhe q\u00eb \u00e7do vot\u00eb, nga Vermoshi n\u00eb Konispol, t\u00eb num\u00ebrohet dhe t\u00eb administrohet sipas ligjit. Deri n\u00eb shpalljen e [&hellip;]<\/p>\n","protected":false},"author":2030,"featured_media":179900,"comment_status":"closed","ping_status":"closed","sticky":false,"template":"","format":"standard","meta":{"footnotes":""},"categories":[1],"tags":[],"class_list":{"0":"post-179897","1":"post","2":"type-post","3":"status-publish","4":"format-standard","5":"has-post-thumbnail","7":"category-uncategorized-sq"},"_links":{"self":[{"href":"https:\/\/zjarr.tv\/sq\/wp-json\/wp\/v2\/posts\/179897","targetHints":{"allow":["GET"]}}],"collection":[{"href":"https:\/\/zjarr.tv\/sq\/wp-json\/wp\/v2\/posts"}],"about":[{"href":"https:\/\/zjarr.tv\/sq\/wp-json\/wp\/v2\/types\/post"}],"author":[{"embeddable":true,"href":"https:\/\/zjarr.tv\/sq\/wp-json\/wp\/v2\/users\/2030"}],"replies":[{"embeddable":true,"href":"https:\/\/zjarr.tv\/sq\/wp-json\/wp\/v2\/comments?post=179897"}],"version-history":[{"count":0,"href":"https:\/\/zjarr.tv\/sq\/wp-json\/wp\/v2\/posts\/179897\/revisions"}],"wp:featuredmedia":[{"embeddable":true,"href":"https:\/\/zjarr.tv\/sq\/wp-json\/wp\/v2\/media\/179900"}],"wp:attachment":[{"href":"https:\/\/zjarr.tv\/sq\/wp-json\/wp\/v2\/media?parent=179897"}],"wp:term":[{"taxonomy":"category","embeddable":true,"href":"https:\/\/zjarr.tv\/sq\/wp-json\/wp\/v2\/categories?post=179897"},{"taxonomy":"post_tag","embeddable":true,"href":"https:\/\/zjarr.tv\/sq\/wp-json\/wp\/v2\/tags?post=179897"}],"curies":[{"name":"wp","href":"https:\/\/api.w.org\/{rel}","templated":true}]}}