{"id":179903,"date":"2021-04-27T14:12:58","date_gmt":"2021-04-27T12:12:58","guid":{"rendered":"https:\/\/zjarr.tv\/?p=179903"},"modified":"2021-04-27T14:12:58","modified_gmt":"2021-04-27T12:12:58","slug":"gares-po-i-vjen-fundit-basha-nuk-dorezohet-ja-cfare-po-leviz-ne-seline-e-pd","status":"publish","type":"post","link":"https:\/\/zjarr.tv\/sq\/gares-po-i-vjen-fundit-basha-nuk-dorezohet-ja-cfare-po-leviz-ne-seline-e-pd\/","title":{"rendered":"Gar\u00ebs po i vjen fundit, Basha nuk dor\u00ebzohet, ja \u00e7far\u00eb po l\u00ebviz n\u00eb selin\u00eb e PD"},"content":{"rendered":"<p style=\"background: white; margin: 0in 0in 19.5pt 0in;\">Gara e zgjedhjeve \u00ebsht\u00eb n\u00eb fund pasi kan\u00eb ngelur dhe rreth 7% e kutive p\u00ebr t\u00eb num\u00ebruar.<\/p>\n<p style=\"background: white; -webkit-tap-highlight-color: transparent !important; box-sizing: border-box; overflow-wrap: break-word; font-variant-ligatures: normal; font-variant-caps: normal; orphans: 2; widows: 2; -webkit-text-stroke-width: 0px; text-decoration-thickness: initial; text-decoration-style: initial; text-decoration-color: initial; word-spacing: 0px; margin: 0in 0in 19.5pt 0in;\">Dit\u00ebn e sotme u lajm\u00ebrua nga kryeministri Edi Rama se n\u00eb or\u00ebn 18:00 do t\u00eb mbahet festa e fitores n\u00eb sheshin \u201cSk\u00ebnderbej\u201d.<\/p>\n<p style=\"background: white; -webkit-tap-highlight-color: transparent !important; box-sizing: border-box; overflow-wrap: break-word; font-variant-ligatures: normal; font-variant-caps: normal; orphans: 2; widows: 2; -webkit-text-stroke-width: 0px; text-decoration-thickness: initial; text-decoration-style: initial; text-decoration-color: initial; word-spacing: 0px; margin: 0in 0in 19.5pt 0in;\">Por duket se edhe pse Lulzim Basha nuk ka fituar n\u00eb k\u00ebto zgjedhje nuk ka hequr dor\u00eb. Burime p\u00ebr abcnews b\u00ebjn\u00eb me dije se n\u00eb Selin\u00eb e PD-s\u00eb ka mb\u00ebrritur kreu i PDIU, Shp\u00ebtim Idrizi dhe se m\u00eb nj\u00eb grup po dikutojn\u00eb dhe se do t\u00eb b\u00ebjn\u00eb nj\u00eb denoncim.<\/p>\n<p style=\"background: white; -webkit-tap-highlight-color: transparent !important; box-sizing: border-box; overflow-wrap: break-word; font-variant-ligatures: normal; font-variant-caps: normal; orphans: 2; widows: 2; -webkit-text-stroke-width: 0px; text-decoration-thickness: initial; text-decoration-style: initial; text-decoration-color: initial; word-spacing: 0px; margin: 0in 0in 19.5pt 0in;\">M\u00ebsohet se Basha do t\u00eb denoncoj\u00eb\u00a0disa raste, duke pretenduar se jan\u00eb vjedhur votat me para, duke hapur k\u00ebshtu edhe nj\u00eb betej\u00eb ligjore.<\/p>\n<p style=\"background: white; -webkit-tap-highlight-color: transparent !important; box-sizing: border-box; overflow-wrap: break-word; font-variant-ligatures: normal; font-variant-caps: normal; orphans: 2; widows: 2; -webkit-text-stroke-width: 0px; text-decoration-thickness: initial; text-decoration-style: initial; text-decoration-color: initial; word-spacing: 0px; margin: 0in 0in 19.5pt 0in;\">Sakaq, pritet q\u00eb pas publikimit t\u00eb rezulatatit zyrtar, Basha do t\u00eb mbaj\u00eb edhe nj\u00eb fjal\u00eb p\u00ebr median, por edhe duke dh\u00ebn\u00eb nj\u00eb mesazh p\u00ebr demokrat\u00ebt.<\/p>\n<p style=\"background: white; -webkit-tap-highlight-color: transparent !important; box-sizing: border-box; overflow-wrap: break-word; font-variant-ligatures: normal; font-variant-caps: normal; orphans: 2; widows: 2; -webkit-text-stroke-width: 0px; text-decoration-thickness: initial; text-decoration-style: initial; text-decoration-color: initial; word-spacing: 0px; margin: 0in 0in 19.5pt 0in;\">Deri m\u00eb tani jan\u00eb num\u00ebruar 4910 kuti nga 5199. Nga p\u00ebrdit\u00ebsimi i fundit i KQZ n\u00eb rang vendi PS \u00ebsht\u00eb n\u00eb avantazh me 48.67% t\u00eb votave, dhe PD 39.41% t\u00eb votave.<\/p>\n","protected":false},"excerpt":{"rendered":"<p>Gara e zgjedhjeve \u00ebsht\u00eb n\u00eb fund pasi kan\u00eb ngelur dhe rreth 7% e kutive p\u00ebr t\u00eb num\u00ebruar. Dit\u00ebn e sotme u lajm\u00ebrua nga kryeministri Edi Rama se n\u00eb or\u00ebn 18:00 do t\u00eb mbahet festa e fitores n\u00eb sheshin \u201cSk\u00ebnderbej\u201d. Por duket se edhe pse Lulzim Basha nuk ka fituar n\u00eb k\u00ebto zgjedhje nuk ka hequr [&hellip;]<\/p>\n","protected":false},"author":2030,"featured_media":179904,"comment_status":"closed","ping_status":"closed","sticky":false,"template":"","format":"standard","meta":{"footnotes":""},"categories":[241,1454],"tags":[],"class_list":{"0":"post-179903","1":"post","2":"type-post","3":"status-publish","4":"format-standard","5":"has-post-thumbnail","7":"category-aktualitet","8":"category-politike"},"_links":{"self":[{"href":"https:\/\/zjarr.tv\/sq\/wp-json\/wp\/v2\/posts\/179903","targetHints":{"allow":["GET"]}}],"collection":[{"href":"https:\/\/zjarr.tv\/sq\/wp-json\/wp\/v2\/posts"}],"about":[{"href":"https:\/\/zjarr.tv\/sq\/wp-json\/wp\/v2\/types\/post"}],"author":[{"embeddable":true,"href":"https:\/\/zjarr.tv\/sq\/wp-json\/wp\/v2\/users\/2030"}],"replies":[{"embeddable":true,"href":"https:\/\/zjarr.tv\/sq\/wp-json\/wp\/v2\/comments?post=179903"}],"version-history":[{"count":0,"href":"https:\/\/zjarr.tv\/sq\/wp-json\/wp\/v2\/posts\/179903\/revisions"}],"wp:featuredmedia":[{"embeddable":true,"href":"https:\/\/zjarr.tv\/sq\/wp-json\/wp\/v2\/media\/179904"}],"wp:attachment":[{"href":"https:\/\/zjarr.tv\/sq\/wp-json\/wp\/v2\/media?parent=179903"}],"wp:term":[{"taxonomy":"category","embeddable":true,"href":"https:\/\/zjarr.tv\/sq\/wp-json\/wp\/v2\/categories?post=179903"},{"taxonomy":"post_tag","embeddable":true,"href":"https:\/\/zjarr.tv\/sq\/wp-json\/wp\/v2\/tags?post=179903"}],"curies":[{"name":"wp","href":"https:\/\/api.w.org\/{rel}","templated":true}]}}