{"id":179911,"date":"2021-04-27T15:33:29","date_gmt":"2021-04-27T13:33:29","guid":{"rendered":"https:\/\/zjarr.tv\/?p=179911"},"modified":"2021-04-27T15:33:29","modified_gmt":"2021-04-27T13:33:29","slug":"anetari-i-kryesise-kerkon-doreheqjen-e-bashes-shpall-kandidaturen-per-kryetar-te-pd-se-emri","status":"publish","type":"post","link":"https:\/\/zjarr.tv\/sq\/anetari-i-kryesise-kerkon-doreheqjen-e-bashes-shpall-kandidaturen-per-kryetar-te-pd-se-emri\/","title":{"rendered":"An\u00ebtari i kryesis\u00eb k\u00ebrkon dor\u00ebheqjen e Bash\u00ebs, shpall kandidatur\u00ebn p\u00ebr kryetar t\u00eb PD-s\u00eb (EMRI)"},"content":{"rendered":"<p>An\u00ebtari i kryesis\u00eb s\u00eb PD-s\u00eb, k\u00ebrkon dor\u00ebheqjen e kryetarit t\u00eb Lulzim Basha nga partia. B\u00ebhet me dije se Fatbardh Kadilli ka shpallur kandidatur\u00ebn p\u00ebr kryetar.<\/p>\n<p><strong>Postimi i plot\u00eb i Fatbardh Kadillit:<\/strong><\/p>\n<p><em>&#8216;Sot demokrat\u00ebt dhe opozitar\u00ebt n\u00eb Shqip\u00ebri ndihen t\u00eb trishtuar. <\/em><em>Partia jon\u00eb d\u00ebshtoi n\u00eb krijimin e mekanizmave dhe t\u00eb besimit popullor p\u00ebr t\u2019u p\u00ebrballur me t\u00eb keqen. Me makinerin\u00eb propagandistike, financiare dhe abuzuese t\u00eb pushtetit.<\/em><\/p>\n<p><em>Ne nuk arrit\u00ebm ta frym\u00ebzojm\u00eb mb\u00ebshtetjen e gjer\u00eb opozitare, dhe as elektoratin gri, p\u00ebr t\u2019i dh\u00ebn\u00eb vot\u00ebs forc\u00ebn dhe vler\u00ebn q\u00eb ka n\u00eb demokraci. <\/em><em>Ne nuk arrit\u00ebm q\u00eb t\u00eb kap\u00ebrcenim presionin, blerjet, makinacionet, joshjet dhe hilet e sistemit t\u00eb ngritur nga ky pushtet. <\/em><em>Ne nuk arrit\u00ebm t\u2019a kthenim n\u00eb frym\u00eb ndryshimi zhg\u00ebnjimin popullor.<\/em><\/p>\n<p><em>Si rrjedhoj\u00eb jemi p\u00ebrball\u00eb k\u00ebtij rezultati. T\u00eb cilin nuk e shmangim dot as me faj\u00ebsim t\u00eb nj\u00ebri-tjetrit, as me taktika kalimtare, dhe as me demonizim t\u00eb kund\u00ebrshtarit. <\/em><em>Rezultati negativ \u00ebsht\u00eb i pamohuesh\u00ebm.<\/em><em>T\u00eb gjith\u00eb bashk\u00eb duhet t\u00eb analizojm\u00eb mang\u00ebsit\u00eb personale dhe kolektive n\u00eb k\u00ebt\u00eb humbje. Duke mos harruar: si n\u00eb \u00e7do skuad\u00ebr, drejtuesi mban p\u00ebrgjegj\u00ebsin\u00eb e humbjes, si\u00e7 do t\u00eb merrte edhe dafinat e fitores.<\/em><\/p>\n<p><em>U b\u00ebj thirje demokrat\u00ebve: nd\u00ebrkoh\u00eb q\u00eb nxjerrin konkluzione, t\u00eb p\u00ebrmbahen nga etiketimi i atyre q\u00eb nuk na zgjodh\u00ebn ne, q\u00eb nuk menduan si ne, q\u00eb nuk na pan\u00eb ne si alternativ\u00eb. K\u00ebrkimi i arsyeve t\u00eb humbjes duhet filluar te vetja dhe te kund\u00ebrshtari politik, asnj\u00ebher\u00eb te votuesi dhe zgjedhja e tij. <\/em><em>Ne duhet ta pranojm\u00eb se nuk kishim nj\u00eb propozim fitues p\u00ebr Shqip\u00ebrin\u00eb. Alternativa jon\u00eb ishte vet\u00ebm kryetari i partis\u00eb, q\u00eb u d\u00ebshmua p\u00ebrs\u00ebri e pamjaftueshme.<\/em><\/p>\n<p><em>Duke ndjer\u00eb keqardhje dhe solidarizim t\u00eb plot\u00eb me sakrific\u00ebn e demokrat\u00ebve dhe strukturave t\u00eb partis\u00eb gjat\u00eb nj\u00eb opozite 8 vje\u00e7are, jo pak here edhe t\u00eb pabusull, k\u00ebrkoj largimin e menj\u00ebhersh\u00ebm nga funksionet drejtuese dhe dor\u00ebheqjen e Lulzim Bash\u00ebs. <\/em><em>Jo vet\u00ebm p\u00ebr faktin se partia gjendet sot p\u00ebrball\u00eb humbjes s\u00eb tret\u00eb, por m\u00eb shum\u00eb se kaq, ky \u00ebsht\u00eb nj\u00eb model q\u00eb ka shterruar. <\/em><em>Me an\u00eb t\u00eb k\u00ebtij akti, ai jo vet\u00ebm njeh p\u00ebrgj\u00ebgj\u00ebsit\u00eb p\u00ebr rezultatin, por edhe respekton nj\u00eb standard t\u00eb vendosur n\u00eb Partin\u00eb Demokratike nga paraardh\u00ebsi dhe themeluesi i k\u00ebsaj force, Sali Berisha. <\/em><em>I b\u00ebj thirrje Kryesis\u00eb t\u00eb mblidhet sa m\u00eb shpejt dhe t\u00eb p\u00ebrcaktoj\u00eb modalitetet e gar\u00ebs p\u00ebr lidershipin e ri. Nuk kemi koh\u00eb p\u00ebr t\u00eb humbur. P\u00ebrpara shqiptar\u00ebve kemi misionin p\u00ebr nj\u00eb opozit\u00eb t\u00eb re!<\/em><\/p>\n<p><em>Gjithashtu, shpall sot kandidimin p\u00ebr detyr\u00ebn e Kryetarit t\u00eb Partis\u00eb Demokratike. <\/em><em>Iu b\u00ebj thirrje t\u00eb gjith\u00eb demokrat\u00ebve t\u00eb mos dor\u00ebzohen. Ne jemi parti e vlerave dhe forc\u00ebs; trash\u00ebgimtare e L\u00ebvizjes s\u00eb Dhjetorit, besimtare e kredos: \u2018e duam Shqip\u00ebrin\u00eb si gjith\u00eb Evropa\u2019.\u00a0 <\/em><em>Me k\u00ebt\u00eb rast, si an\u00ebtar Kryesie dhe si Kandidat p\u00ebr Kryetar, u b\u00ebj thirrje num\u00ebruesve dhe v\u00ebzhguesve, q\u00eb sot jan\u00eb n\u00eb krye t\u00eb pun\u00ebs m\u00eb t\u00eb v\u00ebshtir\u00eb, mbrojtjes s\u00eb vullnetit t\u00eb mb\u00ebshtet\u00ebsve t\u00eb opozit\u00ebs dhe \u00e7do shqiptari, t\u00eb b\u00ebjn\u00eb t\u00eb gjitha p\u00ebrpjekjet p\u00ebr t\u00eb num\u00ebruar dhe ruajtur \u00e7do vot\u00eb. <\/em><em>Nga sakrifica e tyre sot fillon ringritja nes\u00ebr. <\/em><em>Iu b\u00ebj thirrje t\u00eb gjith\u00eb demokrat\u00ebve t\u00eb mos dor\u00ebzohen. <\/em><em>Ne duhet t\u00eb kthehemi te thelbi i misionit ton\u00eb, ringritja si parti e shpres\u00ebs s\u00eb shqiptar\u00ebve. <\/em><em>Ringritja fillon q\u00eb sot.&#8217;<\/em><\/p>\n","protected":false},"excerpt":{"rendered":"<p>An\u00ebtari i kryesis\u00eb s\u00eb PD-s\u00eb, k\u00ebrkon dor\u00ebheqjen e kryetarit t\u00eb Lulzim Basha nga partia. B\u00ebhet me dije se Fatbardh Kadilli ka shpallur kandidatur\u00ebn p\u00ebr kryetar. Postimi i plot\u00eb i Fatbardh Kadillit: &#8216;Sot demokrat\u00ebt dhe opozitar\u00ebt n\u00eb Shqip\u00ebri ndihen t\u00eb trishtuar. Partia jon\u00eb d\u00ebshtoi n\u00eb krijimin e mekanizmave dhe t\u00eb besimit popullor p\u00ebr t\u2019u p\u00ebrballur me [&hellip;]<\/p>\n","protected":false},"author":2030,"featured_media":179913,"comment_status":"closed","ping_status":"closed","sticky":false,"template":"","format":"standard","meta":{"footnotes":""},"categories":[241,1454],"tags":[],"class_list":{"0":"post-179911","1":"post","2":"type-post","3":"status-publish","4":"format-standard","5":"has-post-thumbnail","7":"category-aktualitet","8":"category-politike"},"_links":{"self":[{"href":"https:\/\/zjarr.tv\/sq\/wp-json\/wp\/v2\/posts\/179911","targetHints":{"allow":["GET"]}}],"collection":[{"href":"https:\/\/zjarr.tv\/sq\/wp-json\/wp\/v2\/posts"}],"about":[{"href":"https:\/\/zjarr.tv\/sq\/wp-json\/wp\/v2\/types\/post"}],"author":[{"embeddable":true,"href":"https:\/\/zjarr.tv\/sq\/wp-json\/wp\/v2\/users\/2030"}],"replies":[{"embeddable":true,"href":"https:\/\/zjarr.tv\/sq\/wp-json\/wp\/v2\/comments?post=179911"}],"version-history":[{"count":0,"href":"https:\/\/zjarr.tv\/sq\/wp-json\/wp\/v2\/posts\/179911\/revisions"}],"wp:featuredmedia":[{"embeddable":true,"href":"https:\/\/zjarr.tv\/sq\/wp-json\/wp\/v2\/media\/179913"}],"wp:attachment":[{"href":"https:\/\/zjarr.tv\/sq\/wp-json\/wp\/v2\/media?parent=179911"}],"wp:term":[{"taxonomy":"category","embeddable":true,"href":"https:\/\/zjarr.tv\/sq\/wp-json\/wp\/v2\/categories?post=179911"},{"taxonomy":"post_tag","embeddable":true,"href":"https:\/\/zjarr.tv\/sq\/wp-json\/wp\/v2\/tags?post=179911"}],"curies":[{"name":"wp","href":"https:\/\/api.w.org\/{rel}","templated":true}]}}