{"id":179922,"date":"2021-04-27T16:50:46","date_gmt":"2021-04-27T14:50:46","guid":{"rendered":"https:\/\/zjarr.tv\/?p=179922"},"modified":"2021-04-27T16:50:46","modified_gmt":"2021-04-27T14:50:46","slug":"raportuesja-per-shqiperine-ne-pe-pergezon-procesin-e-votimit-aktoret-politike-te-vazhdojne-rrugen-drejt-be","status":"publish","type":"post","link":"https:\/\/zjarr.tv\/sq\/raportuesja-per-shqiperine-ne-pe-pergezon-procesin-e-votimit-aktoret-politike-te-vazhdojne-rrugen-drejt-be\/","title":{"rendered":"Raportuesja p\u00ebr Shqip\u00ebrin\u00eb n\u00eb PE p\u00ebrg\u00ebzon procesin e votimit: Aktor\u00ebt politik\u00eb t\u00eb vazhdojn\u00eb rrug\u00ebn drejt BE"},"content":{"rendered":"<p>Raportuesja p\u00ebr Shqip\u00ebrin\u00eb n\u00eb Parlamentin Europian, Isabel Santos ka p\u00ebrsh\u00ebndetur mbar\u00ebvajtjen e\u00a0 procesit t\u00eb zgjedhjeve parlamentare n\u00eb Shqip\u00ebri, t\u00eb cilat u mbajt\u00ebn k\u00ebt\u00eb t\u00eb diel\u00eb.<\/p>\n<p>N\u00eb nj\u00eb postim n\u00eb Twitter, Santos shkruan se \u00ebsht\u00eb koha q\u00eb politikan\u00ebt shqiptar\u00eb t\u00eb vazhdojn\u00eb rrug\u00ebn drejt Europ\u00ebs.<\/p>\n<p>\u201c<em>P\u00ebrg\u00ebzime p\u00ebr njer\u00ebzit p\u00ebr nj\u00eb proces zgjedhor q\u00eb pavar\u00ebsisht pandemis\u00eb Covid19 ishte i organizuar mir\u00eb. Tani \u00ebsht\u00eb koha q\u00eb t\u00eb gjith\u00eb aktor\u00ebt politik\u00eb t\u00eb vazhdojn\u00eb dhe s\u00eb bashku t\u00eb vazhdojn\u00eb rrug\u00ebn drejt Europ\u00ebs. Fat t\u00eb mbar\u00eb Shqip\u00ebris\u00eb! #Shqip\u00ebria #Parlamenti Evropian\u201d,<\/em> shkruan Isabel Santos.<\/p>\n","protected":false},"excerpt":{"rendered":"<p>Raportuesja p\u00ebr Shqip\u00ebrin\u00eb n\u00eb Parlamentin Europian, Isabel Santos ka p\u00ebrsh\u00ebndetur mbar\u00ebvajtjen e\u00a0 procesit t\u00eb zgjedhjeve parlamentare n\u00eb Shqip\u00ebri, t\u00eb cilat u mbajt\u00ebn k\u00ebt\u00eb t\u00eb diel\u00eb. N\u00eb nj\u00eb postim n\u00eb Twitter, Santos shkruan se \u00ebsht\u00eb koha q\u00eb politikan\u00ebt shqiptar\u00eb t\u00eb vazhdojn\u00eb rrug\u00ebn drejt Europ\u00ebs. \u201cP\u00ebrg\u00ebzime p\u00ebr njer\u00ebzit p\u00ebr nj\u00eb proces zgjedhor q\u00eb pavar\u00ebsisht pandemis\u00eb Covid19 ishte [&hellip;]<\/p>\n","protected":false},"author":2030,"featured_media":179923,"comment_status":"closed","ping_status":"closed","sticky":false,"template":"","format":"standard","meta":{"footnotes":""},"categories":[241],"tags":[],"class_list":{"0":"post-179922","1":"post","2":"type-post","3":"status-publish","4":"format-standard","5":"has-post-thumbnail","7":"category-aktualitet"},"_links":{"self":[{"href":"https:\/\/zjarr.tv\/sq\/wp-json\/wp\/v2\/posts\/179922","targetHints":{"allow":["GET"]}}],"collection":[{"href":"https:\/\/zjarr.tv\/sq\/wp-json\/wp\/v2\/posts"}],"about":[{"href":"https:\/\/zjarr.tv\/sq\/wp-json\/wp\/v2\/types\/post"}],"author":[{"embeddable":true,"href":"https:\/\/zjarr.tv\/sq\/wp-json\/wp\/v2\/users\/2030"}],"replies":[{"embeddable":true,"href":"https:\/\/zjarr.tv\/sq\/wp-json\/wp\/v2\/comments?post=179922"}],"version-history":[{"count":0,"href":"https:\/\/zjarr.tv\/sq\/wp-json\/wp\/v2\/posts\/179922\/revisions"}],"wp:featuredmedia":[{"embeddable":true,"href":"https:\/\/zjarr.tv\/sq\/wp-json\/wp\/v2\/media\/179923"}],"wp:attachment":[{"href":"https:\/\/zjarr.tv\/sq\/wp-json\/wp\/v2\/media?parent=179922"}],"wp:term":[{"taxonomy":"category","embeddable":true,"href":"https:\/\/zjarr.tv\/sq\/wp-json\/wp\/v2\/categories?post=179922"},{"taxonomy":"post_tag","embeddable":true,"href":"https:\/\/zjarr.tv\/sq\/wp-json\/wp\/v2\/tags?post=179922"}],"curies":[{"name":"wp","href":"https:\/\/api.w.org\/{rel}","templated":true}]}}