{"id":179953,"date":"2021-04-27T18:32:21","date_gmt":"2021-04-27T16:32:21","guid":{"rendered":"https:\/\/zjarr.tv\/?p=179953"},"modified":"2021-04-27T18:38:14","modified_gmt":"2021-04-27T16:38:14","slug":"kryeministri-nuk-pyet-per-masat-anti-covid-mbledh-qindra-socialiste-per-fjalimin-e-fitores-jam-krenar-per-patronazhistet","status":"publish","type":"post","link":"https:\/\/zjarr.tv\/sq\/kryeministri-nuk-pyet-per-masat-anti-covid-mbledh-qindra-socialiste-per-fjalimin-e-fitores-jam-krenar-per-patronazhistet\/","title":{"rendered":"Kryeministri nuk pyet p\u00ebr masat anti-Covid: Jam krenar p\u00ebr patronazhist\u00ebt"},"content":{"rendered":"<p>Rama:<\/p>\n<p>Faleminderit t\u00eb gjith\u00ebve! Kjo \u00ebsht\u00eb fitorja m\u00eb e v\u00ebshtir\u00eb dhe m\u00eb e madhe e bukur e Partis\u00eb Socialiste t\u00eb Shqip\u00ebris\u00eb. Me gjith\u00eb numrin marramend\u00ebs t\u00eb flet\u00ebve t\u00eb pavlefshme t\u00eb atyre q\u00eb kan\u00eb zgjedhur 12 por kan\u00eb gabuar shenj\u00ebn e preferenc\u00ebs ne e kemi thyer rekordin ton\u00eb. Ky \u00ebsht\u00eb rekordi historik i k\u00ebsaj skuadre t\u00eb madhe t\u00eb njer\u00ebzve t\u00eb jasht\u00ebzakonsh\u00ebm q\u00eb nuk ka t\u00eb dyt\u00eb n\u00eb k\u00ebt\u00eb vet\u00eb.<\/p>\n<p>Me nj\u00eb p\u00ebrqafim t\u00eb madh p\u00ebr t\u00eb gjith\u00eb ju k\u00ebtu dhe kudo! Un\u00eb jam sot krenar si asnj\u00ebher\u00eb p\u00ebr ju p\u00ebr \u00e7do vajz\u00eb djal\u00eb burr\u00eb e grua q\u00eb u angazhua si patronazhist, kordiantor q\u00eb dha m\u00eb t\u00eb mir\u00ebn p\u00ebr ne. Kampione n\u00eb fuqi, kampione p\u00ebrs\u00ebri.<\/p>\n<p>M\u00eb shum\u00eb se asnj\u00ebher\u00eb jam krenar p\u00ebr shqiptar\u00ebt q\u00eb me urt\u00ebsin\u00eb, vendosm\u00ebrin\u00eb dhe vot\u00ebn e tyre kaluan nj\u00eb prov\u00eb sfiduese p\u00ebr Shqip\u00ebrin\u00eb. Shqip\u00ebria vendosi, fitoi! Fitoi karakteri yn\u00eb si nj\u00eb forc\u00eb e pathyeshme edhe p\u00ebrball\u00eb fatkeq\u00ebsive natyrore. Fitoi pak\u00ebnaq\u00ebsia jon\u00eb mbi gj\u00ebrat q\u00eb nuk shkoi duke punuar m\u00eb fort\u00eb dhe jo duke u ankuar m\u00eb shum\u00eb. Fitoi durimi y n\u00eb i kalitur n\u00eb v\u00ebshtir\u00ebsi t\u00eb m\u00ebdha. Fitoi forca m\u00eb e madhe demokratike p\u00ebr Shqip\u00ebrin\u00eb . G\u00ebzuar fitoren sepse \u00ebsht\u00eb e gjitha e juaja.<\/p>\n","protected":false},"excerpt":{"rendered":"<p>Rama: Faleminderit t\u00eb gjith\u00ebve! Kjo \u00ebsht\u00eb fitorja m\u00eb e v\u00ebshtir\u00eb dhe m\u00eb e madhe e bukur e Partis\u00eb Socialiste t\u00eb Shqip\u00ebris\u00eb. Me gjith\u00eb numrin marramend\u00ebs t\u00eb flet\u00ebve t\u00eb pavlefshme t\u00eb atyre q\u00eb kan\u00eb zgjedhur 12 por kan\u00eb gabuar shenj\u00ebn e preferenc\u00ebs ne e kemi thyer rekordin ton\u00eb. Ky \u00ebsht\u00eb rekordi historik i k\u00ebsaj skuadre t\u00eb [&hellip;]<\/p>\n","protected":false},"author":2031,"featured_media":179954,"comment_status":"closed","ping_status":"closed","sticky":false,"template":"","format":"standard","meta":{"footnotes":""},"categories":[364],"tags":[],"class_list":{"0":"post-179953","1":"post","2":"type-post","3":"status-publish","4":"format-standard","5":"has-post-thumbnail","7":"category-koment-opinion"},"_links":{"self":[{"href":"https:\/\/zjarr.tv\/sq\/wp-json\/wp\/v2\/posts\/179953","targetHints":{"allow":["GET"]}}],"collection":[{"href":"https:\/\/zjarr.tv\/sq\/wp-json\/wp\/v2\/posts"}],"about":[{"href":"https:\/\/zjarr.tv\/sq\/wp-json\/wp\/v2\/types\/post"}],"author":[{"embeddable":true,"href":"https:\/\/zjarr.tv\/sq\/wp-json\/wp\/v2\/users\/2031"}],"replies":[{"embeddable":true,"href":"https:\/\/zjarr.tv\/sq\/wp-json\/wp\/v2\/comments?post=179953"}],"version-history":[{"count":0,"href":"https:\/\/zjarr.tv\/sq\/wp-json\/wp\/v2\/posts\/179953\/revisions"}],"wp:featuredmedia":[{"embeddable":true,"href":"https:\/\/zjarr.tv\/sq\/wp-json\/wp\/v2\/media\/179954"}],"wp:attachment":[{"href":"https:\/\/zjarr.tv\/sq\/wp-json\/wp\/v2\/media?parent=179953"}],"wp:term":[{"taxonomy":"category","embeddable":true,"href":"https:\/\/zjarr.tv\/sq\/wp-json\/wp\/v2\/categories?post=179953"},{"taxonomy":"post_tag","embeddable":true,"href":"https:\/\/zjarr.tv\/sq\/wp-json\/wp\/v2\/tags?post=179953"}],"curies":[{"name":"wp","href":"https:\/\/api.w.org\/{rel}","templated":true}]}}