{"id":179975,"date":"2021-04-28T07:31:26","date_gmt":"2021-04-28T05:31:26","guid":{"rendered":"https:\/\/zjarr.tv\/?p=179975"},"modified":"2021-04-28T07:31:26","modified_gmt":"2021-04-28T05:31:26","slug":"parregullsi-te-renda-zgjedhore-pd-kerkon-nga-kqz-pamjet-e-kamerave-ne-qv-dhe-kzaz","status":"publish","type":"post","link":"https:\/\/zjarr.tv\/sq\/parregullsi-te-renda-zgjedhore-pd-kerkon-nga-kqz-pamjet-e-kamerave-ne-qv-dhe-kzaz\/","title":{"rendered":"Parregullsi t\u00eb r\u00ebnda zgjedhore\/ PD k\u00ebrkon nga KQZ pamjet e kamerave n\u00eb QV dhe KZAZ\u2026"},"content":{"rendered":"<p>K\u00ebrkesa\/ Parregullsi t\u00eb r\u00ebnda zgjedhore, PD k\u00ebrkon nga KQZ kamerat e QV\/ KZAZ<\/p>\n<p>Partia Demokratike, ka depozituar n\u00eb KQZ nj\u00eb k\u00ebrkes\u00eb ku k\u00ebrkohen t\u2019i vihen n\u00eb dispozicion t\u00eb dh\u00ebnat teknologjike, p\u00ebr shkak t\u00eb indicieve q\u00eb ka nga komsioner\u00eb t\u00eb saj, p\u00ebr parregullsi t\u00eb r\u00ebnda n\u00eb procesin zgjedhor.<\/p>\n<p>N\u00eb k\u00ebt\u00eb kuad\u00ebr, PD, i k\u00ebrkon KQZ t\u2019i vendos\u00eb n\u00eb dispozicion pamjet filmike t\u00eb \u00e7do QV dhe KZAZ.<\/p>\n<p>Po k\u00ebshtu, pamjet filmike t\u00eb kamerave regjistruese t\u00eb flet\u00ebve t\u00eb votimit t\u00eb \u00e7do KZAZ.<\/p>\n<p><img loading=\"lazy\" decoding=\"async\" class=\"alignnone size-full wp-image-179977\" src=\"https:\/\/zjarr.tv\/wp-content\/uploads\/2021\/04\/kerkese.jpg\" alt=\"\" width=\"900\" height=\"1200\" srcset=\"https:\/\/zjarr.tv\/wp-content\/uploads\/2021\/04\/kerkese.jpg 900w, https:\/\/zjarr.tv\/wp-content\/uploads\/2021\/04\/kerkese-225x300.jpg 225w, https:\/\/zjarr.tv\/wp-content\/uploads\/2021\/04\/kerkese-768x1024.jpg 768w, https:\/\/zjarr.tv\/wp-content\/uploads\/2021\/04\/kerkese-696x928.jpg 696w, https:\/\/zjarr.tv\/wp-content\/uploads\/2021\/04\/kerkese-315x420.jpg 315w\" sizes=\"auto, (max-width: 900px) 100vw, 900px\" \/><\/p>\n<p>&nbsp;<\/p>\n","protected":false},"excerpt":{"rendered":"<p>K\u00ebrkesa\/ Parregullsi t\u00eb r\u00ebnda zgjedhore, PD k\u00ebrkon nga KQZ kamerat e QV\/ KZAZ Partia Demokratike, ka depozituar n\u00eb KQZ nj\u00eb k\u00ebrkes\u00eb ku k\u00ebrkohen t\u2019i vihen n\u00eb dispozicion t\u00eb dh\u00ebnat teknologjike, p\u00ebr shkak t\u00eb indicieve q\u00eb ka nga komsioner\u00eb t\u00eb saj, p\u00ebr parregullsi t\u00eb r\u00ebnda n\u00eb procesin zgjedhor. N\u00eb k\u00ebt\u00eb kuad\u00ebr, PD, i k\u00ebrkon KQZ t\u2019i [&hellip;]<\/p>\n","protected":false},"author":2016,"featured_media":179978,"comment_status":"closed","ping_status":"closed","sticky":false,"template":"","format":"standard","meta":{"footnotes":""},"categories":[241],"tags":[2710],"class_list":{"0":"post-179975","1":"post","2":"type-post","3":"status-publish","4":"format-standard","5":"has-post-thumbnail","7":"category-aktualitet","8":"tag-lajme-zjarr-parregullsi-te-renda-zgjedhore-zjarr-tv"},"_links":{"self":[{"href":"https:\/\/zjarr.tv\/sq\/wp-json\/wp\/v2\/posts\/179975","targetHints":{"allow":["GET"]}}],"collection":[{"href":"https:\/\/zjarr.tv\/sq\/wp-json\/wp\/v2\/posts"}],"about":[{"href":"https:\/\/zjarr.tv\/sq\/wp-json\/wp\/v2\/types\/post"}],"author":[{"embeddable":true,"href":"https:\/\/zjarr.tv\/sq\/wp-json\/wp\/v2\/users\/2016"}],"replies":[{"embeddable":true,"href":"https:\/\/zjarr.tv\/sq\/wp-json\/wp\/v2\/comments?post=179975"}],"version-history":[{"count":0,"href":"https:\/\/zjarr.tv\/sq\/wp-json\/wp\/v2\/posts\/179975\/revisions"}],"wp:featuredmedia":[{"embeddable":true,"href":"https:\/\/zjarr.tv\/sq\/wp-json\/wp\/v2\/media\/179978"}],"wp:attachment":[{"href":"https:\/\/zjarr.tv\/sq\/wp-json\/wp\/v2\/media?parent=179975"}],"wp:term":[{"taxonomy":"category","embeddable":true,"href":"https:\/\/zjarr.tv\/sq\/wp-json\/wp\/v2\/categories?post=179975"},{"taxonomy":"post_tag","embeddable":true,"href":"https:\/\/zjarr.tv\/sq\/wp-json\/wp\/v2\/tags?post=179975"}],"curies":[{"name":"wp","href":"https:\/\/api.w.org\/{rel}","templated":true}]}}