{"id":180006,"date":"2021-04-28T09:03:56","date_gmt":"2021-04-28T07:03:56","guid":{"rendered":"https:\/\/zjarr.tv\/?p=180006"},"modified":"2021-04-28T09:03:56","modified_gmt":"2021-04-28T07:03:56","slug":"ylli-manjani-jep-mesazhin-e-forte-ky-eshte-hajduti-me-i-madh-i-zgjedhjeve","status":"publish","type":"post","link":"https:\/\/zjarr.tv\/sq\/ylli-manjani-jep-mesazhin-e-forte-ky-eshte-hajduti-me-i-madh-i-zgjedhjeve\/","title":{"rendered":"Ylli Manjani jep mesazhin e fort\u00eb: Ky \u00ebsht\u00eb hajduti m\u00eb i madh i Zgjedhjeve\u2026"},"content":{"rendered":"<p>Ish-ministri i Drejt\u00ebsis\u00eb Ylli Manjani, ka komentuar zhvillimet e fundit politike. Ai ka akuzuar ashp\u00ebr sistemin zgjedhor, duke e quajtur hajdutin m\u00eb t\u00eb madh t\u00eb Zgjedhjeve.<\/p>\n<p>Postimi:<\/p>\n<p><em style=\"font-weight: inherit;\">\u201cPSD 32 000 vota= 3 mandate.<\/em><br \/>\n<em style=\"font-weight: inherit;\">LSI 100 000 vota= 4 mandate!!!<\/em><\/p>\n<p><em style=\"font-weight: inherit;\"> Sistemi zgjedhor \u00ebsht\u00eb hajduti m\u00eb i madh i zgjedhjeve.<\/em><br \/>\n<em style=\"font-weight: inherit;\">Natyrisht nuk mohohet aspak gabimi fatal i LSI q\u00eb nuk u bashkua n\u00eb nj\u00eb list\u00eb me PD. Por kjo \u00ebsht\u00eb kosto politike shum\u00eb e lart\u00eb q\u00eb duhet t\u00eb paguaj\u00eb LSI. 25 000 vota 1 mandat!!!<\/em><br \/>\n<em style=\"font-weight: inherit;\">Por sistemi m\u00eb shum\u00eb se LSI vjedh vullnetin e njer\u00ebzve\u201d<\/em>, shkruan Ylli Manjani.<\/p>\n","protected":false},"excerpt":{"rendered":"<p>Ish-ministri i Drejt\u00ebsis\u00eb Ylli Manjani, ka komentuar zhvillimet e fundit politike. Ai ka akuzuar ashp\u00ebr sistemin zgjedhor, duke e quajtur hajdutin m\u00eb t\u00eb madh t\u00eb Zgjedhjeve. Postimi: \u201cPSD 32 000 vota= 3 mandate. LSI 100 000 vota= 4 mandate!!! Sistemi zgjedhor \u00ebsht\u00eb hajduti m\u00eb i madh i zgjedhjeve. Natyrisht nuk mohohet aspak gabimi fatal i [&hellip;]<\/p>\n","protected":false},"author":2016,"featured_media":180008,"comment_status":"closed","ping_status":"closed","sticky":false,"template":"","format":"standard","meta":{"footnotes":""},"categories":[241],"tags":[2716],"class_list":{"0":"post-180006","1":"post","2":"type-post","3":"status-publish","4":"format-standard","5":"has-post-thumbnail","7":"category-aktualitet","8":"tag-lajme-zjarr-manjani-jep-mesazhin-e-forte-zjarr-tv"},"_links":{"self":[{"href":"https:\/\/zjarr.tv\/sq\/wp-json\/wp\/v2\/posts\/180006","targetHints":{"allow":["GET"]}}],"collection":[{"href":"https:\/\/zjarr.tv\/sq\/wp-json\/wp\/v2\/posts"}],"about":[{"href":"https:\/\/zjarr.tv\/sq\/wp-json\/wp\/v2\/types\/post"}],"author":[{"embeddable":true,"href":"https:\/\/zjarr.tv\/sq\/wp-json\/wp\/v2\/users\/2016"}],"replies":[{"embeddable":true,"href":"https:\/\/zjarr.tv\/sq\/wp-json\/wp\/v2\/comments?post=180006"}],"version-history":[{"count":0,"href":"https:\/\/zjarr.tv\/sq\/wp-json\/wp\/v2\/posts\/180006\/revisions"}],"wp:featuredmedia":[{"embeddable":true,"href":"https:\/\/zjarr.tv\/sq\/wp-json\/wp\/v2\/media\/180008"}],"wp:attachment":[{"href":"https:\/\/zjarr.tv\/sq\/wp-json\/wp\/v2\/media?parent=180006"}],"wp:term":[{"taxonomy":"category","embeddable":true,"href":"https:\/\/zjarr.tv\/sq\/wp-json\/wp\/v2\/categories?post=180006"},{"taxonomy":"post_tag","embeddable":true,"href":"https:\/\/zjarr.tv\/sq\/wp-json\/wp\/v2\/tags?post=180006"}],"curies":[{"name":"wp","href":"https:\/\/api.w.org\/{rel}","templated":true}]}}