{"id":180025,"date":"2021-04-28T10:47:16","date_gmt":"2021-04-28T08:47:16","guid":{"rendered":"https:\/\/zjarr.tv\/?p=180025"},"modified":"2021-04-28T10:47:16","modified_gmt":"2021-04-28T08:47:16","slug":"njihuni-me-kandidatin-qe-kryeson-listen-e-me-te-votuarve-te-pd-se-per-tiranen-zbehen-shanset-per-majkon","status":"publish","type":"post","link":"https:\/\/zjarr.tv\/sq\/njihuni-me-kandidatin-qe-kryeson-listen-e-me-te-votuarve-te-pd-se-per-tiranen-zbehen-shanset-per-majkon\/","title":{"rendered":"Njihuni me kandidatin q\u00eb kryeson list\u00ebn e m\u00eb t\u00eb votuarve t\u00eb PD-s\u00eb p\u00ebr Tiran\u00ebn, zbehen shanset p\u00ebr Majkon\u2026"},"content":{"rendered":"<p style=\"line-height: 19.5pt; background: white; margin: 0in 0in 18.75pt 0in;\"><span style=\"color: #2c2f34;\">Tirana \u00ebsht\u00eb shum\u00eb pas sa i takon num\u00ebrimit t\u00eb votave t\u00eb kandidat\u00ebve, ku jan\u00eb num\u00ebruar vet\u00ebm 26 kuti nga 1243 n\u00eb total. N\u00eb disa prej KZAZve, puna p\u00ebr num\u00ebrimin ka rinisur n\u00eb or\u00ebn 09:00 t\u00eb m\u00ebngjesit t\u00eb sot\u00ebm, nd\u00ebrkoh\u00eb q\u00eb n\u00eb mesin e 26 kutive t\u00eb num\u00ebruara, emrat e preferuar rezervojn\u00eb shum\u00eb surpriza.<\/span><\/p>\n<p style=\"line-height: 19.5pt; background: white; outline: none; box-sizing: border-box; font-variant-ligatures: normal; font-variant-caps: normal; orphans: 2; text-align: start; widows: 2; -webkit-text-stroke-width: 0px; text-decoration-thickness: initial; text-decoration-style: initial; text-decoration-color: initial; word-spacing: 0px; margin: 0in 0in 18.75pt 0in;\"><span style=\"color: #2c2f34;\">M\u00eb e madhja duket se \u00ebsht\u00eb n\u00eb list\u00ebn e m\u00eb t\u00eb votuarve t\u00eb PD-s\u00eb, t\u00eb cil\u00ebn e udh\u00ebheq kreu i FRPD-s\u00eb Belind K\u00eblli\u00e7i me 883 vota, i ndjekur nga Lulzim Basha 279 vota, m\u00eb pas vjen Agron Shehaj me 193 vota, Orjela Nebiaj 155, Fatmir Mediu 135, Sali Berisha ka vet\u00ebm 98 vota nga kutit\u00eb e num\u00ebruara.<\/span><\/p>\n<p style=\"line-height: 19.5pt; background: white; outline: none; box-sizing: border-box; font-variant-ligatures: normal; font-variant-caps: normal; orphans: 2; text-align: start; widows: 2; -webkit-text-stroke-width: 0px; text-decoration-thickness: initial; text-decoration-style: initial; text-decoration-color: initial; word-spacing: 0px; margin: 0in 0in 18.75pt 0in;\"><span style=\"color: #2c2f34;\">Nebiaj \u00ebsht\u00eb n\u00eb vendin e 18 n\u00eb list\u00ebn p\u00ebr Tiran\u00ebn dhe duket t\u00eb jet\u00eb kandidatja e vetme nga demokrat\u00ebt, q\u00eb mund t\u00eb thyej\u00eb her\u00ebsin dhe t\u00eb b\u00ebhet pjes\u00eb e Kuvendit p\u00ebr kat\u00ebr vitet e ardhshme.<\/span><\/p>\n<p style=\"line-height: 19.5pt; background: white; outline: none; box-sizing: border-box; font-variant-ligatures: normal; font-variant-caps: normal; orphans: 2; text-align: start; widows: 2; -webkit-text-stroke-width: 0px; text-decoration-thickness: initial; text-decoration-style: initial; text-decoration-color: initial; word-spacing: 0px; margin: 0in 0in 18.75pt 0in;\"><span style=\"color: #2c2f34;\">Nd\u00ebrsa n\u00eb Partin\u00eb Socialiste, kryeson bindsh\u00ebm Belinda Balluku, e cila ka 2140 vota, e ndjekur nga Fatmir Xhafaj me 622. Nd\u00ebrkoh\u00eb q\u00eb Majko i cili deri tani nuk ka mandat p\u00ebr deputet, sepse ka vet\u00ebm 75 vota dhe duket q\u00eb shanset q\u00eb ai t\u00eb mund t\u00eb thyej\u00eb her\u00ebsin dhe t\u00eb l\u00ebviz\u00eb list\u00ebn e vendosur nga Rama, jan\u00eb t\u00eb pakta.<\/span><\/p>\n<p style=\"line-height: 19.5pt; background: white; outline: none; box-sizing: border-box; font-variant-ligatures: normal; font-variant-caps: normal; orphans: 2; text-align: start; widows: 2; -webkit-text-stroke-width: 0px; text-decoration-thickness: initial; text-decoration-style: initial; text-decoration-color: initial; word-spacing: 0px; margin: 0in 0in 18.75pt 0in;\"><span style=\"color: #2c2f34;\">N\u00eb LSI, kryeson Floida K\u00ebrpa\u00e7i e LRI me 140 vota, e ndjekur nga Kreyemadhi me 51 vota.<\/span><\/p>\n","protected":false},"excerpt":{"rendered":"<p>Tirana \u00ebsht\u00eb shum\u00eb pas sa i takon num\u00ebrimit t\u00eb votave t\u00eb kandidat\u00ebve, ku jan\u00eb num\u00ebruar vet\u00ebm 26 kuti nga 1243 n\u00eb total. N\u00eb disa prej KZAZve, puna p\u00ebr num\u00ebrimin ka rinisur n\u00eb or\u00ebn 09:00 t\u00eb m\u00ebngjesit t\u00eb sot\u00ebm, nd\u00ebrkoh\u00eb q\u00eb n\u00eb mesin e 26 kutive t\u00eb num\u00ebruara, emrat e preferuar rezervojn\u00eb shum\u00eb surpriza. M\u00eb e [&hellip;]<\/p>\n","protected":false},"author":2016,"featured_media":180027,"comment_status":"closed","ping_status":"closed","sticky":false,"template":"","format":"standard","meta":{"footnotes":""},"categories":[241,1454],"tags":[2722],"class_list":{"0":"post-180025","1":"post","2":"type-post","3":"status-publish","4":"format-standard","5":"has-post-thumbnail","7":"category-aktualitet","8":"category-politike","9":"tag-lajme-zjarr-kandidati-me-i-votuar-ne-pd-zjarr-tv"},"_links":{"self":[{"href":"https:\/\/zjarr.tv\/sq\/wp-json\/wp\/v2\/posts\/180025","targetHints":{"allow":["GET"]}}],"collection":[{"href":"https:\/\/zjarr.tv\/sq\/wp-json\/wp\/v2\/posts"}],"about":[{"href":"https:\/\/zjarr.tv\/sq\/wp-json\/wp\/v2\/types\/post"}],"author":[{"embeddable":true,"href":"https:\/\/zjarr.tv\/sq\/wp-json\/wp\/v2\/users\/2016"}],"replies":[{"embeddable":true,"href":"https:\/\/zjarr.tv\/sq\/wp-json\/wp\/v2\/comments?post=180025"}],"version-history":[{"count":0,"href":"https:\/\/zjarr.tv\/sq\/wp-json\/wp\/v2\/posts\/180025\/revisions"}],"wp:featuredmedia":[{"embeddable":true,"href":"https:\/\/zjarr.tv\/sq\/wp-json\/wp\/v2\/media\/180027"}],"wp:attachment":[{"href":"https:\/\/zjarr.tv\/sq\/wp-json\/wp\/v2\/media?parent=180025"}],"wp:term":[{"taxonomy":"category","embeddable":true,"href":"https:\/\/zjarr.tv\/sq\/wp-json\/wp\/v2\/categories?post=180025"},{"taxonomy":"post_tag","embeddable":true,"href":"https:\/\/zjarr.tv\/sq\/wp-json\/wp\/v2\/tags?post=180025"}],"curies":[{"name":"wp","href":"https:\/\/api.w.org\/{rel}","templated":true}]}}